{"id":4937,"date":"2012-04-13T12:28:10","date_gmt":"2012-04-13T10:28:10","guid":{"rendered":"http:\/\/archivio.comune.potenza.it\/comune_wp\/?p=4937"},"modified":"2012-04-13T12:28:10","modified_gmt":"2012-04-13T10:28:10","slug":"santarsiero-su-dissequestro-chiesa-trinita","status":"publish","type":"post","link":"https:\/\/archivio.comune.potenza.it\/?p=4937","title":{"rendered":"Santarsiero su dissequestro Chiesa Trinit\u00e0"},"content":{"rendered":"<p style=\"text-align: justify;\"><span style=\"font-size: small;\">\u201cL\u2019assassinio di Elisa Claps rester\u00e0 perennemente per Potenza un episodio indelebile ed il ritrovamento del suo corpo senza vita, due anni fa,nel sottotetto della Santissima Chiesa della Trinit\u00e0 ha rappresentato un duro colpo per la intera citt\u00e0.\u201d Cos\u00ec il Sindaco di Potenza alla notizia del provvedimento disposto dai magistrati campani attraverso il quale sono stati tolti i sigilli alla Chiesa della Trinit\u00e0.<br \/>\u201cNeanche la condanna del suo assassino \u2013ha aggiunto Santarsiero- potr\u00e0 mai rimarginare una ferita che continua a sanguinare per una triste vicenda che, oltre ad aver sconvolto la famiglia Claps, ha colpito e coinvolto la nostra intera comunit\u00e0.<br \/>Il dissequestro della Chiesa della Santissima Trinit\u00e0 oggi restituisce alla comunit\u00e0 potentina un luogo sacro di preghiera, un tempio nel quale i cattolici del capoluogo per secoli hanno vissuto la propria fede, partecipando alle celebrazioni liturgiche, formandosi spiritualmente e culturalmente. L\u2019aver atteso la decisione della Magistratura senza in alcun modo interferire con il corso delle indagini denota la volont\u00e0, da parte di tutti, di giungere alla verit\u00e0 piena, che la Famiglia Claps in primis, ma la citt\u00e0 tutta giustamente pretende.<br \/>Riaprire l\u2019edificio al culto \u2013ha concluso Santarsiero- e consentire ai potentini di tornare a fruire di un luogo sacro non significa dimenticare quanto di drammatico \u00e8 accaduto in quel sottotetto.\u201d<\/span><\/p>\n","protected":false},"excerpt":{"rendered":"<p>\u201cL\u2019assassinio di Elisa Claps rester\u00e0 perennemente per Potenza un episodio indelebile ed il ritrovamento del suo corpo senza vita, due anni fa,nel sottotetto della Santissima &#8230; <\/p>\n","protected":false},"author":1,"featured_media":0,"comment_status":"closed","ping_status":"closed","sticky":false,"template":"single-sidebar.php","format":"standard","meta":{"footnotes":""},"categories":[63],"tags":[],"class_list":["post-4937","post","type-post","status-publish","format-standard","hentry","category-news"],"_links":{"self":[{"href":"https:\/\/archivio.comune.potenza.it\/index.php?rest_route=\/wp\/v2\/posts\/4937"}],"collection":[{"href":"https:\/\/archivio.comune.potenza.it\/index.php?rest_route=\/wp\/v2\/posts"}],"about":[{"href":"https:\/\/archivio.comune.potenza.it\/index.php?rest_route=\/wp\/v2\/types\/post"}],"author":[{"embeddable":true,"href":"https:\/\/archivio.comune.potenza.it\/index.php?rest_route=\/wp\/v2\/users\/1"}],"replies":[{"embeddable":true,"href":"https:\/\/archivio.comune.potenza.it\/index.php?rest_route=%2Fwp%2Fv2%2Fcomments&post=4937"}],"version-history":[{"count":0,"href":"https:\/\/archivio.comune.potenza.it\/index.php?rest_route=\/wp\/v2\/posts\/4937\/revisions"}],"wp:attachment":[{"href":"https:\/\/archivio.comune.potenza.it\/index.php?rest_route=%2Fwp%2Fv2%2Fmedia&parent=4937"}],"wp:term":[{"taxonomy":"category","embeddable":true,"href":"https:\/\/archivio.comune.potenza.it\/index.php?rest_route=%2Fwp%2Fv2%2Fcategories&post=4937"},{"taxonomy":"post_tag","embeddable":true,"href":"https:\/\/archivio.comune.potenza.it\/index.php?rest_route=%2Fwp%2Fv2%2Ftags&post=4937"}],"curies":[{"name":"wp","href":"https:\/\/api.w.org\/{rel}","templated":true}]}}