{"id":4953,"date":"2012-04-16T13:21:59","date_gmt":"2012-04-16T11:21:59","guid":{"rendered":"http:\/\/archivio.comune.potenza.it\/comune_wp\/?p=4953"},"modified":"2012-04-16T13:21:59","modified_gmt":"2012-04-16T11:21:59","slug":"ener-supplyil-20-a-potenza-conferenza","status":"publish","type":"post","link":"https:\/\/archivio.comune.potenza.it\/?p=4953","title":{"rendered":"2\u00b0 Energy Day  a Potenza"},"content":{"rendered":"<p><strong> <\/strong><\/p>\n<p style=\"text-align: justify;\"><span style=\"font-size: small;\"><img decoding=\"async\" src=\"multimediali\/immagini\/News\/2012\/04\/ener.jpg\" border=\"0\" style=\"float: left; margin: 10px;\" \/>\u201cL\u2019Amministrazione Comunale nell\u2019ottica del perseguimento della Strategia generale \u201cPotenza 2020\u201d, punto di arrivo di un programma di sviluppo per costruire\u00a0 la citt\u00e0 del futuro, ha gi\u00e0 avviato significative attivit\u00e0 in ambito energetico. L\u2019Energy Day si inserisce nel solco della strategia comunale per la riduzione delle emissioni e la diversificazione dei consumi energetici, condotta da qualche anno a questa parte e finalizzata a perseguire uno sviluppo sostenibile del proprio territorio, soprattutto in ambito energetico.\u201dLo ha detto il Sindaco di Potenza, Vito Santarsiero introducendo i lavori del 2\u00b0 Energy Day a Potenza presso la Sala del Cortile di Palazzo Loffredo.\u201cIl recupero del biogas nella discarica di Pallareta, -ha aggiunto- impianti di cogenerazione all\u2019avanguardia per gli edifici comunali, centrali fotovoltaiche sui tetti degli immobili pubblici, un progetto condotto insieme all\u2019Universit\u00e0 per favorire l\u2019efficientamento energetico dei fabbricati municipali, scuole comprese, il progetto \u2018Calore sicuro\u2019 per verificare lo stato degli impianti termici privati, condominiali e dei singoli cittadini, l\u2019ammodernamento e la contestuale razionalizzazione degli impianti di pubblica illuminazione sono alcuni degli sforzi concreti e importanti che l\u2019Amministrazione comunale sta producendo per presentarsi con le carte in regola all\u2019appuntamento epocale di \u2018Potenza 2020\u2019 che, proprio perch\u00e9 non rappresenta solo uno slogan o un disegno astratto, ci impone un percorso articolato, complesso ma, al tempo stesso, ricco e affascinante, che ci consentir\u00e0 di consegnare alle generazioni future un ambiente con meno CO<sub>2<\/sub> e una qualit\u00e0 della vita migliori. Un cammino che passa anche attraverso la formazione e l\u2019informazione, ed \u00e8 in questo contesto \u2013ha\u00a0 continuato- che si inserisce l\u2019importante appuntamento degli Energy Days, iniziativa che ci vede protagonisti nel contesto europeo dell\u2019Ener Supply, al quale approdiamo grazie all\u2019adesione al Patto dei Sindaci in attuazione del quale abbiamo approvato il Piano di Azione per l\u2019Energia Sostenibile (PAES).Il progetto ENER SUPPLY finanziato dall\u2019Unione europea attraverso il Programma di cooperazione transnazionale europea South-East Europe rappresenta il risultato di uno sforzo comune di partner del Sud Est-Europa provenienti da 11 paesi del Sud Est Europa in merito alla pianificazione locale energetica.Partner capofila\u00a0 il Comune di Potenza mentre il partenariato \u00e8 composto da Agenzie energetiche, NGO, Universit\u00e0 e Centri di ricerca.I destinatari finali del progetto sono stati gli addetti delle amministrazioni locali impegnati nel settore energia e gli operatori del settore.Nelle attivit\u00e0 previste, sono stati coinvolti altri operatori interessati allo sviluppo di processi energeticamente &#8220;sostenibili&#8221;.In particolare, le attivit\u00e0 relative all&#8217; Energy management hanno previsto analisi delle forniture energetiche, audit e bilanci energetici territoriali.\u201cIl progetto \u2013ha detto il Sindaco Santarsiero- si inserisce nel contesto delle politiche energetiche\u00a0 su cui insistere\u00a0 e rappresenta allo stesso tempo una nuova sfida ed il riconoscimento di un\u2019esperienza di successo che testimonia come la seriet\u00e0 e le competenze trovino spazio in un Europa maggiormente competitiva.In tal senso Potenza si proietta ancor di pi\u00f9 nel raggiungimento degli obiettivi di citt\u00e0 Europea, anche nel campo energetico ambientale in sintonia con i programmi di sviluppo urbano che da anni caratterizza la citt\u00e0.\u201dNel corso dell\u2019incontro \u00e8 intervenuto anche il Presidente Piero Lacorazza che, nell\u2019illustrare le attivit\u00e0 della Provincia di Potenza, ha parlato di progetto importante definendolo un tassello fondamentale per costruire il futuro delle nostre comunit\u00e0 e dell\u2019Europa migliore di quello che abbiamo ereditato.<\/span><\/p>\n","protected":false},"excerpt":{"rendered":"<p>\u201cL\u2019Amministrazione Comunale nell\u2019ottica del perseguimento della Strategia generale \u201cPotenza 2020\u201d, punto di arrivo di un programma di sviluppo per costruire\u00a0 la citt\u00e0 del futuro, ha &#8230; <\/p>\n","protected":false},"author":1,"featured_media":0,"comment_status":"closed","ping_status":"closed","sticky":false,"template":"single-sidebar.php","format":"standard","meta":{"footnotes":""},"categories":[63],"tags":[],"class_list":["post-4953","post","type-post","status-publish","format-standard","hentry","category-news"],"_links":{"self":[{"href":"https:\/\/archivio.comune.potenza.it\/index.php?rest_route=\/wp\/v2\/posts\/4953"}],"collection":[{"href":"https:\/\/archivio.comune.potenza.it\/index.php?rest_route=\/wp\/v2\/posts"}],"about":[{"href":"https:\/\/archivio.comune.potenza.it\/index.php?rest_route=\/wp\/v2\/types\/post"}],"author":[{"embeddable":true,"href":"https:\/\/archivio.comune.potenza.it\/index.php?rest_route=\/wp\/v2\/users\/1"}],"replies":[{"embeddable":true,"href":"https:\/\/archivio.comune.potenza.it\/index.php?rest_route=%2Fwp%2Fv2%2Fcomments&post=4953"}],"version-history":[{"count":0,"href":"https:\/\/archivio.comune.potenza.it\/index.php?rest_route=\/wp\/v2\/posts\/4953\/revisions"}],"wp:attachment":[{"href":"https:\/\/archivio.comune.potenza.it\/index.php?rest_route=%2Fwp%2Fv2%2Fmedia&parent=4953"}],"wp:term":[{"taxonomy":"category","embeddable":true,"href":"https:\/\/archivio.comune.potenza.it\/index.php?rest_route=%2Fwp%2Fv2%2Fcategories&post=4953"},{"taxonomy":"post_tag","embeddable":true,"href":"https:\/\/archivio.comune.potenza.it\/index.php?rest_route=%2Fwp%2Fv2%2Ftags&post=4953"}],"curies":[{"name":"wp","href":"https:\/\/api.w.org\/{rel}","templated":true}]}}