{"id":4979,"date":"2012-04-17T11:05:53","date_gmt":"2012-04-17T09:05:53","guid":{"rendered":"http:\/\/archivio.comune.potenza.it\/comune_wp\/?p=4979"},"modified":"2012-04-17T11:05:53","modified_gmt":"2012-04-17T09:05:53","slug":"oltre-4000-raccolte-per-intitolare-parco-a-grazia-gioviale","status":"publish","type":"post","link":"https:\/\/archivio.comune.potenza.it\/?p=4979","title":{"rendered":"Oltre 4000 raccolte per intitolare parco a Grazia Gioviale"},"content":{"rendered":"<p style=\"text-align: justify;\"><span style=\"font-size: small;\"><img decoding=\"async\" src=\"multimediali\/immagini\/News\/2012\/04\/gio.jpg\" border=\"0\" style=\"float: left; margin: 10px;\" \/>Sono oltre 4000 le firme raccolte da un comitato spontaneo e consegnate ieri al Sindaco di Potenza Vito Santarsiero per intitolare il Parco di Via Racioppi, nel rione Lucania, a Grazia Gioviale, la studentessa di 18 anni vittima nel 2009 di femminicidio.Ed \u00e8 stato lo stesso fratello di Grazia ad incontrare il Primo Cittadino e a consegnare i tanti fogli contenenti firme e riferimenti. \u201cVogliamo ricordare Grazia \u2013si legge nella nota di accompagnamento- perch\u00e9 n\u00e9 lei, n\u00e9 ogni altra donna, uccisa in quanto donna, deve essere dimenticata. E soprattutto\u00a0 non dobbiamo dimenticare\u00a0 che i femminicidi\u00a0 sono possibili perch\u00e9 ci trovano complici con i nostri silenzi e con la nostra indifferenza.\u201d<br \/>\u201cAbbiamo bisogno \u2013ha commentato il Sindaco di Potenza, Vito Santarsiero- di una svolta culturale per superare un modello di societ\u00e0 che troppo spesso tollera e giustifica una condizione subalterna delle donne. Un modello di societ\u00e0 che troppo spesso crea le condizioni per cui la violenza venga accettata nel silenzio e nella paura. La violenza sulle donne \u00e8 oggi un problema sociale che va affrontato in una dimensione pubblica perch\u00e9 la tutela dei diritti della donne \u00e8 un requisito fondamentale per costruire una societ\u00e0 civile e per costruire una vera democrazia. Saremo societ\u00e0\u00a0 nuova, democratica e civile \u2013ha continuato- quando sapremo\u00a0 coniugare il rispetto sovrano per l\u2019altro senza alcuna distinzione di sesso e quando, in ogni contesto, ed in ogni situazione, sapremo guardare alle donne come l\u2019altro con cui confrontarci e rapportarci sempre e solo con civilt\u00e0 e riguardo assoluto.<br \/>Per fare tutto ci\u00f2 occorre una grande mobilitazione, occorre aprire un grande confronto, occorre aprire un grande dibattito, occorre una nuova stagione educativa che deve partire sicuramente dal basso, deve partire nelle famiglie, deve partire nella scuole ma che deve interessare tutti. La citt\u00e0 di Potenza \u00e8 da tempo impegnata in questa direzione e continueremo a ritenere utile e giusta ogni azione \u2013ha concluso Santarsiero- che non faccia dimenticare, ogni azione che favorisca, che vada a scuotere le coscienze di chi sa, ogni azione che vada a rompere ogni forma di silenzio.\u201d<\/span><\/p>\n","protected":false},"excerpt":{"rendered":"<p>Sono oltre 4000 le firme raccolte da un comitato spontaneo e consegnate ieri al Sindaco di Potenza Vito Santarsiero per intitolare il Parco di Via &#8230; <\/p>\n","protected":false},"author":1,"featured_media":0,"comment_status":"closed","ping_status":"closed","sticky":false,"template":"single-sidebar.php","format":"standard","meta":{"footnotes":""},"categories":[63],"tags":[],"class_list":["post-4979","post","type-post","status-publish","format-standard","hentry","category-news"],"_links":{"self":[{"href":"https:\/\/archivio.comune.potenza.it\/index.php?rest_route=\/wp\/v2\/posts\/4979"}],"collection":[{"href":"https:\/\/archivio.comune.potenza.it\/index.php?rest_route=\/wp\/v2\/posts"}],"about":[{"href":"https:\/\/archivio.comune.potenza.it\/index.php?rest_route=\/wp\/v2\/types\/post"}],"author":[{"embeddable":true,"href":"https:\/\/archivio.comune.potenza.it\/index.php?rest_route=\/wp\/v2\/users\/1"}],"replies":[{"embeddable":true,"href":"https:\/\/archivio.comune.potenza.it\/index.php?rest_route=%2Fwp%2Fv2%2Fcomments&post=4979"}],"version-history":[{"count":0,"href":"https:\/\/archivio.comune.potenza.it\/index.php?rest_route=\/wp\/v2\/posts\/4979\/revisions"}],"wp:attachment":[{"href":"https:\/\/archivio.comune.potenza.it\/index.php?rest_route=%2Fwp%2Fv2%2Fmedia&parent=4979"}],"wp:term":[{"taxonomy":"category","embeddable":true,"href":"https:\/\/archivio.comune.potenza.it\/index.php?rest_route=%2Fwp%2Fv2%2Fcategories&post=4979"},{"taxonomy":"post_tag","embeddable":true,"href":"https:\/\/archivio.comune.potenza.it\/index.php?rest_route=%2Fwp%2Fv2%2Ftags&post=4979"}],"curies":[{"name":"wp","href":"https:\/\/api.w.org\/{rel}","templated":true}]}}