{"id":4984,"date":"2012-04-18T10:38:32","date_gmt":"2012-04-18T08:38:32","guid":{"rendered":"http:\/\/archivio.comune.potenza.it\/comune_wp\/?p=4984"},"modified":"2012-04-18T10:38:32","modified_gmt":"2012-04-18T08:38:32","slug":"direttore-regionale-formazione-ascoltata-in-quinta-commissione","status":"publish","type":"post","link":"https:\/\/archivio.comune.potenza.it\/?p=4984","title":{"rendered":"Direttore regionale Formazione ascoltata in Quinta Commissione"},"content":{"rendered":"<p><img loading=\"lazy\" decoding=\"async\" src=\"multimediali\/immagini\/News\/2012\/04\/dscn0004.jpg\" border=\"0\" width=\"211\" height=\"178\" style=\"margin: 10px; float: left;\" \/>Il dirigente generale del dipartimento Formazione della Regione, Liliana Santoro \u00e8 stata ascoltata in Quinta Commissione, presente anche l\u2019assessore comunale ai Servizi sociali, Donato Pace, in una seduta convocata dal presidente Sebastiano Papa per verificare status quo e prospettive nel mondo occupazionale lucano e potentino in particolare. \u201cLa Basilicata secondo gli indicatori in nostro possesso, risulta essere la regione meridionale pi\u00f9 colpita dalla crisi attuale, pur essendoci mossi per tempo \u2013 ha spiegato la Santoro \u2013 con l\u2019intesa Stato-Regioni, riguardante gli ammortizzatori sociali, siglata nel 2009. Nella medesima direzione la \u2018politiche coerenti\u2019 e i voucher lavoro finalizzati alle assunzioni a tempo indeterminato. Allo stato attuale registriamo maggiori richieste di quanti vogliono aprire una propria attivit\u00e0, rispetto a quelle di assunzioni nelle aziende pi\u00f9 grandi. Abbiamo anche verificato che i tirocini formativi approdano a un buon esito nei casi in cui si svolgano all\u2019interno dell\u2019azienda stessa per la quale le figure professionali sono formate. In ogni caso la crisi perdura, penso all\u2019aumentata richiesta di Cassa integrazione per quelle che sono le aziende dell\u2019indotto Fiat, e la ripresa potr\u00e0 essere solo graduale. Agricoltura ed edilizia che restano esclusi dagli ammortizzatori sociali comunque non vivono una situazione felice. Un segnale positivo \u2013 aggiunge la dirigente \u2013 \u00e8 da individuarsi nel fatto che la Cig finora non \u00e8 prodromo del licenziamento\u201d. Tra gli interventi dei consiglieri, Giuseppe Molinari ha chiesto alla \u201cRegione di attenzionare maggiormente il capoluogo, con un occhio di riguardo a tecnologia e innovazione aspetti che possono garantire maggiori chance occupazionali, puntando sull\u2019alta specializzazione. Rocco Coviello ha notato come il \u201creddito \u2018ponte\u2019 pur nato con i migliori auspici, oggi sembra segnare il passo\u201d, aspetto sul quale concorda Roberto Lo Giudice, che comunque lo definisce uno strumento innovativo in una citt\u00e0 che \u00e8 un Ente territoriale a contatto con i problemi quotidiani, e nella quale si riverbera la crisi, quasi irreversibile, del settore manifatturiero, con gli addetti alla produzione che risultano in numero minore rispetto a coloro che gestiscono\u201d. Fernando Picerno si \u00e8 detto \u201ccontrario alle politiche in favore dei grossi gruppi industriali, alle politiche assistenziali, bisogna sburocratizzare il sistema\u201d, \u201csistema \u2013 che secondo Giuseppe Laviero \u2013 ha lasciato sul terreno diverse vittime, Industrie del Basento e Mahle, solo per citarne alcune\u201d. Per Salvatore Lacerra \u201calcune categorie di lavoratori sono stratutelate, mentre i veri poveri oggi sono da ricercarsi nella classe media. Invito alla Regione a pensare a cose diverse. I piani di sviluppo regionale sono un\u2019esperienza definitivamente tramontata? E allora la strategia politica pu\u00f2 guardare per esempio alle zone franche come possibile forma di fiscalit\u00e0 di vantaggio?\u201d. Il presidente Papa ha spiegato che \u201cessendo Potenza la citt\u00e0 capoluogo, \u00e8 importante che si abbia uno sguardo pi\u00f9 ampio sul mondo del lavoro, mirando all\u2019integrazione delle aree di servizio tra Potenza, il suo hinterland e la provincia tutta. Per il nuovo centro oli di Corleto \u00e8 importante anche stabilire un contatto di tipo diretto tra mondo della formazione, scuola e universo occupazionale, cos\u00ec da limitare il ricorso all\u2019utilizzo di mano d\u2019opera esterna al contesto provinciale\u201d. L\u2019assessore Pace ha evidenziato la propria esperienza di amministratore che \u201cmi fa toccare con mano cosa sia la vera povert\u00e0. Tra le altre cose ritengo vada tarata meglio l\u2019esperienza dei tirocini formativi con rimborsi e periodi che mi sembrano debbano essere rivisti\u201d. Conclusioni affidate alla Santoro che ha confermato come \u201cla disoccupazione intellettuale sia in netto aumento e l\u2019esperienza del reddito ponte, nella quale prevale la partecipazione femminile, \u00e8 esperienza apprezzata a livello ministeriale e comunitario. Le risposte di oggi sono figlie delle linee di azione poste in essere lo scorso decennio: credito d\u2019imposta, occupazione e investimenti. A completamento del reddito \u2018ponte\u2019 abbiamo attivato un tavolo di governance che comprende tra gli altri Sviluppo Italia e Universit\u00e0. L\u2019attenzione sul tema \u00e8 massima, con il progetto dell\u2019apprendistato in partenza e l\u2019obiettivo di favorire l\u2019occupazione intellettuale che resta prioritario. Le nostre aziende sono troppo piccole per competere a livello nazionale, c\u2019\u00e8 necessit\u00e0 di far rete e di\u00a0 creare una rete di servizi\u201d ha concluso il dirigente regionale. Il presidente Papa ha spiegato che \u201csi \u00e8 trattato del primo di una serie di incontri per verificare in che modo poter operare per rilanciare il mercato del lavoro a Potenza e dintorni\u201d.<\/p>\n","protected":false},"excerpt":{"rendered":"<p>Il dirigente generale del dipartimento Formazione della Regione, Liliana Santoro \u00e8 stata ascoltata in Quinta Commissione, presente anche l\u2019assessore comunale ai Servizi sociali, Donato Pace, &#8230; <\/p>\n","protected":false},"author":1,"featured_media":0,"comment_status":"closed","ping_status":"closed","sticky":false,"template":"single-sidebar.php","format":"standard","meta":{"footnotes":""},"categories":[63],"tags":[],"class_list":["post-4984","post","type-post","status-publish","format-standard","hentry","category-news"],"_links":{"self":[{"href":"https:\/\/archivio.comune.potenza.it\/index.php?rest_route=\/wp\/v2\/posts\/4984"}],"collection":[{"href":"https:\/\/archivio.comune.potenza.it\/index.php?rest_route=\/wp\/v2\/posts"}],"about":[{"href":"https:\/\/archivio.comune.potenza.it\/index.php?rest_route=\/wp\/v2\/types\/post"}],"author":[{"embeddable":true,"href":"https:\/\/archivio.comune.potenza.it\/index.php?rest_route=\/wp\/v2\/users\/1"}],"replies":[{"embeddable":true,"href":"https:\/\/archivio.comune.potenza.it\/index.php?rest_route=%2Fwp%2Fv2%2Fcomments&post=4984"}],"version-history":[{"count":0,"href":"https:\/\/archivio.comune.potenza.it\/index.php?rest_route=\/wp\/v2\/posts\/4984\/revisions"}],"wp:attachment":[{"href":"https:\/\/archivio.comune.potenza.it\/index.php?rest_route=%2Fwp%2Fv2%2Fmedia&parent=4984"}],"wp:term":[{"taxonomy":"category","embeddable":true,"href":"https:\/\/archivio.comune.potenza.it\/index.php?rest_route=%2Fwp%2Fv2%2Fcategories&post=4984"},{"taxonomy":"post_tag","embeddable":true,"href":"https:\/\/archivio.comune.potenza.it\/index.php?rest_route=%2Fwp%2Fv2%2Ftags&post=4984"}],"curies":[{"name":"wp","href":"https:\/\/api.w.org\/{rel}","templated":true}]}}