{"id":4992,"date":"2012-04-19T13:14:37","date_gmt":"2012-04-19T11:14:37","guid":{"rendered":"http:\/\/archivio.comune.potenza.it\/comune_wp\/?p=4992"},"modified":"2012-04-19T13:14:37","modified_gmt":"2012-04-19T11:14:37","slug":"santarsierole-citta-europee-vera-riserva-di-futuro","status":"publish","type":"post","link":"https:\/\/archivio.comune.potenza.it\/?p=4992","title":{"rendered":"Santarsiero:emendamenti al Comitato delle Regioni per rilanciare ruolo citt\u00e0"},"content":{"rendered":"<p style=\"text-align: justify;\"><span style=\"font-size: small;\">Presentato ieri a Bruxelles un pacchetto di emendamenti per la prossima seduta della plenaria del Comitato delle Regioni che esprimer\u00e0 il parere sul nuovo regolamento proposto dalla Commissione Europea per l\u2019utilizzo di fondi FESR (160 mld di euro) per il periodo 2014 \u2013 2020. Con tali emendamenti viene proposto:<\/span><\/p>\n<p style=\"text-align: justify;\"><span style=\"font-size: small;\">1)\u00a0\u00a0\u00a0\u00a0\u00a0 di portare la quota minima di risorse assegnate dal FESR a favore di azioni integrate per lo sviluppo urbano delegate alle citt\u00e0 dal 5% al 10%<\/span><\/p>\n<p style=\"text-align: justify;\"><span style=\"font-size: small;\">2)\u00a0\u00a0\u00a0\u00a0\u00a0 di aumentare il numero delle citt\u00e0 europee partecipanti alla piattaforma per lo sviluppo urbano da 300 a 400 per la intera Unione con un massimo di 30 citt\u00e0 per ogni Stato membro.<\/span><\/p>\n<p style=\"text-align: justify;\"><span style=\"font-size: small;\">Gli emendamenti assumono un particolare significato in considerazione del fatto che la Commissione COTER del CdR \u00a0nella assemblea di Lisbona dello scorso Febbraio aveva deliberato a maggioranza la eliminazione delle norme relative sia alla riserva per le citt\u00e0, sia al riconoscimento delle deleghe, sia alla istituzione della \u00a0Piattaforma per lo sviluppo urbano.<\/span><span style=\"font-size: small;\">Primo firmatario degli emendamenti \u00e8 Vito Santarsiero, sindaco di Potenza, che a Lisbona aveva nel merito espresso parere contrario; secondo firmatario il Sindaco di Francoforte.<\/span><span style=\"font-size: small;\">\u201cSiamo fiduciosi di cogliere l\u2019obiettivo \u2013 ha dichiarato il <\/span><strong><em>Sindaco Santarsiero<\/em><\/strong><span style=\"font-size: small;\"> -. Sarebbe incomprensibile che a fronte di un significativo riconoscimento di un ruolo prioritario delle aree urbane per i processi di crescita dei territori avvenuto da parte della Commissione Europea, sia proprio il Comitato delle Regioni, di cui fanno parte i Comuni Europei, a fare un incredibile passo indietro. Lo stesso Presidente Barroso \u2013 continua Santarsiero &#8211; \u00a0in pi\u00f9 occasioni ha ribadito che per il futuro dell\u2019Europa e per lo sviluppo locale \u00e8 centrale l\u2019azione delle citt\u00e0. La Carta di Lipsia e quella recentissima di Copenaghen hanno ulteriormente ribadito tale priorit\u00e0 d\u2019intervento. Le Citt\u00e0 europee rappresentano uno straordinario potenziale di crescita e per tutti i territori sono una vera riserva di futuro. Al pari dei rappresentanti della intera delegazione italiana &#8211; conclude Santarsiero &#8211; \u00a0mi auguro che anche le rappresentanze di tutti gli altri Stati membri valutino attentamente le proposte nella loro concretezza e nel forte valore simbolico di cui sono portatrici.\u201d<\/span><span style=\"font-size: small;\">Subito dopo la presentazione degli emendamenti gi\u00e0 si registrano le prime positive reazioni. In tale direzione si sono infatti espresse alcune importanti citt\u00e0 tedesche, le associazioni delle citt\u00e0 britanniche e una rappresentanza delle citt\u00e0 francesi.<\/span><span style=\"font-size: small;\">In Italia, oltre all\u2019ANCI, si sono espresse positivamente anche le citt\u00e0 aderenti alla rete ReCS.<\/span><\/p>\n","protected":false},"excerpt":{"rendered":"<p>Presentato ieri a Bruxelles un pacchetto di emendamenti per la prossima seduta della plenaria del Comitato delle Regioni che esprimer\u00e0 il parere sul nuovo regolamento &#8230; <\/p>\n","protected":false},"author":1,"featured_media":0,"comment_status":"closed","ping_status":"closed","sticky":false,"template":"single-sidebar.php","format":"standard","meta":{"footnotes":""},"categories":[63],"tags":[],"class_list":["post-4992","post","type-post","status-publish","format-standard","hentry","category-news"],"_links":{"self":[{"href":"https:\/\/archivio.comune.potenza.it\/index.php?rest_route=\/wp\/v2\/posts\/4992"}],"collection":[{"href":"https:\/\/archivio.comune.potenza.it\/index.php?rest_route=\/wp\/v2\/posts"}],"about":[{"href":"https:\/\/archivio.comune.potenza.it\/index.php?rest_route=\/wp\/v2\/types\/post"}],"author":[{"embeddable":true,"href":"https:\/\/archivio.comune.potenza.it\/index.php?rest_route=\/wp\/v2\/users\/1"}],"replies":[{"embeddable":true,"href":"https:\/\/archivio.comune.potenza.it\/index.php?rest_route=%2Fwp%2Fv2%2Fcomments&post=4992"}],"version-history":[{"count":0,"href":"https:\/\/archivio.comune.potenza.it\/index.php?rest_route=\/wp\/v2\/posts\/4992\/revisions"}],"wp:attachment":[{"href":"https:\/\/archivio.comune.potenza.it\/index.php?rest_route=%2Fwp%2Fv2%2Fmedia&parent=4992"}],"wp:term":[{"taxonomy":"category","embeddable":true,"href":"https:\/\/archivio.comune.potenza.it\/index.php?rest_route=%2Fwp%2Fv2%2Fcategories&post=4992"},{"taxonomy":"post_tag","embeddable":true,"href":"https:\/\/archivio.comune.potenza.it\/index.php?rest_route=%2Fwp%2Fv2%2Ftags&post=4992"}],"curies":[{"name":"wp","href":"https:\/\/api.w.org\/{rel}","templated":true}]}}