{"id":4993,"date":"2012-04-19T16:21:50","date_gmt":"2012-04-19T14:21:50","guid":{"rendered":"http:\/\/archivio.comune.potenza.it\/comune_wp\/?p=4993"},"modified":"2012-04-19T16:21:50","modified_gmt":"2012-04-19T14:21:50","slug":"consiglio-comuncale-del-19-aprile-aperto-sui-pisus","status":"publish","type":"post","link":"https:\/\/archivio.comune.potenza.it\/?p=4993","title":{"rendered":"Consiglio comunale del 19 aprile, aperto, sui Pisus"},"content":{"rendered":"<p>Il Consiglio comunale ha inizio alle 17,50 con il presidente <strong>Vincenzo Santangelo <\/strong>che illustra brevemente lo svolgimento \u201cdella seduta odierna, un Consiglio comunale aperto sul tema dei Pisus, richiesto da alcuni consiglieri comunali, primo firmatario il consigliere Salvatore Lacerra. Dopo la relazione che svolger\u00e0 lo stesso Lacerra interverr\u00e0 il Sindaco e, a seguire, gli invitati e i consiglieri comunali che riterranno di farlo\u201d. Il capogruppo del Mpa Lacerra sostiene che \u201csarebbe preferibile che l\u2019Amministrazione facesse un suo intervento e, a seguire, il dibattito consiliare\u201d. Il sindaco <strong>Vito Santarsiero<\/strong> prende la parola per sottolineare come consideri opportuno che in Consiglio comunale si faccia il punto della situazione sullo stato di attuazione dei Pisus. Potenza 2020 si caratterizzava per i suoi sei obiettivi generali. Avevamo una serie di progetti per aggredire tutti i problemi che riguardavano il nostro territorio, linee d\u2019azione e progetti sull\u2019housing sociale, sull\u2019urbanizzazione, sul verde, sulla mobilit\u00e0, che ci conducevano a una serie di interventi in progress importanti tra i 2 e i trecento milioni di euro, cifre enormi, ma possibili, cifre che avrebbero concretizzare quella che \u00e8 la nostra \u2018idea\u2019 di citt\u00e0. Il Pisus \u00e8 il primo passo in questa direzione non una banale sommatoria di interventi. La validit\u00e0 di questa impostazione ci \u00e8 stata confermata dall\u2019aggiudicazione del bando nazionale per la mobilit\u00e0 per 11 milioni di euro. Similmente per quel che riguarda il programma integrato che comprende la Casa dello studente.<\/p>\n","protected":false},"excerpt":{"rendered":"<p>Il Consiglio comunale ha inizio alle 17,50 con il presidente Vincenzo Santangelo che illustra brevemente lo svolgimento \u201cdella seduta odierna, un Consiglio comunale aperto sul &#8230; <\/p>\n","protected":false},"author":1,"featured_media":0,"comment_status":"closed","ping_status":"closed","sticky":false,"template":"single-sidebar.php","format":"standard","meta":{"footnotes":""},"categories":[63],"tags":[],"class_list":["post-4993","post","type-post","status-publish","format-standard","hentry","category-news"],"_links":{"self":[{"href":"https:\/\/archivio.comune.potenza.it\/index.php?rest_route=\/wp\/v2\/posts\/4993"}],"collection":[{"href":"https:\/\/archivio.comune.potenza.it\/index.php?rest_route=\/wp\/v2\/posts"}],"about":[{"href":"https:\/\/archivio.comune.potenza.it\/index.php?rest_route=\/wp\/v2\/types\/post"}],"author":[{"embeddable":true,"href":"https:\/\/archivio.comune.potenza.it\/index.php?rest_route=\/wp\/v2\/users\/1"}],"replies":[{"embeddable":true,"href":"https:\/\/archivio.comune.potenza.it\/index.php?rest_route=%2Fwp%2Fv2%2Fcomments&post=4993"}],"version-history":[{"count":0,"href":"https:\/\/archivio.comune.potenza.it\/index.php?rest_route=\/wp\/v2\/posts\/4993\/revisions"}],"wp:attachment":[{"href":"https:\/\/archivio.comune.potenza.it\/index.php?rest_route=%2Fwp%2Fv2%2Fmedia&parent=4993"}],"wp:term":[{"taxonomy":"category","embeddable":true,"href":"https:\/\/archivio.comune.potenza.it\/index.php?rest_route=%2Fwp%2Fv2%2Fcategories&post=4993"},{"taxonomy":"post_tag","embeddable":true,"href":"https:\/\/archivio.comune.potenza.it\/index.php?rest_route=%2Fwp%2Fv2%2Ftags&post=4993"}],"curies":[{"name":"wp","href":"https:\/\/api.w.org\/{rel}","templated":true}]}}