{"id":4994,"date":"2012-04-20T07:27:40","date_gmt":"2012-04-20T05:27:40","guid":{"rendered":"http:\/\/archivio.comune.potenza.it\/comune_wp\/?p=4994"},"modified":"2012-04-20T07:27:40","modified_gmt":"2012-04-20T05:27:40","slug":"santarsiero-chiede-consiglio-nazionale-anci-al-sud-su-temi-mezzogiorno","status":"publish","type":"post","link":"https:\/\/archivio.comune.potenza.it\/?p=4994","title":{"rendered":"Santarsiero chiede Consiglio Nazionale Anci  al Sud su temi Mezzogiorno"},"content":{"rendered":"<p style=\"text-align: justify;\"><span style=\"font-size: small;\">Un prossimo Consiglio nazionale dell\u2019Anci sar\u00e0 convocato in Calabria\u00a0 per una puntuale riflessione sulle problematiche del Mezzogiorno e\u00a0 sar\u00e0 invitato a partecipare anche il Governo.Lo ha comunicato il Presidente dell\u2019Anci Nazionale Graziano Delrio a Vito Santarsiero, delegato Anci per il Mezzogiorno che, dopo il comitato direttivo e l\u2019intervento di Carmela Lanzetta, Sindaco di Monasterace nella Locride, aveva sollecitato la convocazione di un Consiglio nazionale da tenersi in Calabria, dedicato ai temi del Mezzogiorno. Lo stesso Delrio ha espresso la preoccupazione dell\u2019Anci per la situazione di particolare difficolt\u00e0 in cui versano i Comuni del Mezzogiorno.\u201cIn una situazione di estrema difficolt\u00e0 in cui versano tutti i Comuni italiani, -ha detto Vito Santarsiero- \u00a0la grave crisi del Mezzogiorno (dalla criminalit\u00e0, al mancato ruolo delle aree urbane, alla crisi del sistema produttivo, al crollo del sistema bancario, alla inadeguatezza del sistema scolastico e della ricerca ecc\u2026) rappresenta un moltiplicatore delle problematiche che vivono i Comuni del Sud. Fondamentale \u00e8 il protagonismo, la reazione e la capacit\u00e0 di proposta dei territori del Mezzogiorno e delle sue classi dirigenti, ma \u00e8 indubbio che il problema \u00e8 e resta un problema di respiro nazionale. \u201c<\/span><\/p>\n","protected":false},"excerpt":{"rendered":"<p>Un prossimo Consiglio nazionale dell\u2019Anci sar\u00e0 convocato in Calabria\u00a0 per una puntuale riflessione sulle problematiche del Mezzogiorno e\u00a0 sar\u00e0 invitato a partecipare anche il Governo.Lo &#8230; <\/p>\n","protected":false},"author":1,"featured_media":0,"comment_status":"closed","ping_status":"closed","sticky":false,"template":"single-sidebar.php","format":"standard","meta":{"footnotes":""},"categories":[63],"tags":[],"class_list":["post-4994","post","type-post","status-publish","format-standard","hentry","category-news"],"_links":{"self":[{"href":"https:\/\/archivio.comune.potenza.it\/index.php?rest_route=\/wp\/v2\/posts\/4994"}],"collection":[{"href":"https:\/\/archivio.comune.potenza.it\/index.php?rest_route=\/wp\/v2\/posts"}],"about":[{"href":"https:\/\/archivio.comune.potenza.it\/index.php?rest_route=\/wp\/v2\/types\/post"}],"author":[{"embeddable":true,"href":"https:\/\/archivio.comune.potenza.it\/index.php?rest_route=\/wp\/v2\/users\/1"}],"replies":[{"embeddable":true,"href":"https:\/\/archivio.comune.potenza.it\/index.php?rest_route=%2Fwp%2Fv2%2Fcomments&post=4994"}],"version-history":[{"count":0,"href":"https:\/\/archivio.comune.potenza.it\/index.php?rest_route=\/wp\/v2\/posts\/4994\/revisions"}],"wp:attachment":[{"href":"https:\/\/archivio.comune.potenza.it\/index.php?rest_route=%2Fwp%2Fv2%2Fmedia&parent=4994"}],"wp:term":[{"taxonomy":"category","embeddable":true,"href":"https:\/\/archivio.comune.potenza.it\/index.php?rest_route=%2Fwp%2Fv2%2Fcategories&post=4994"},{"taxonomy":"post_tag","embeddable":true,"href":"https:\/\/archivio.comune.potenza.it\/index.php?rest_route=%2Fwp%2Fv2%2Ftags&post=4994"}],"curies":[{"name":"wp","href":"https:\/\/api.w.org\/{rel}","templated":true}]}}