{"id":4995,"date":"2012-04-20T08:03:26","date_gmt":"2012-04-20T06:03:26","guid":{"rendered":"http:\/\/archivio.comune.potenza.it\/comune_wp\/?p=4995"},"modified":"2012-04-20T08:03:26","modified_gmt":"2012-04-20T06:03:26","slug":"il-consigliere-summa-chiede-piu-attenzione-per-i-diversamenti-abili","status":"publish","type":"post","link":"https:\/\/archivio.comune.potenza.it\/?p=4995","title":{"rendered":"Il consigliere Summa chiede pi\u00f9 attenzione per i diversamenti abili"},"content":{"rendered":"<p style=\"text-align: justify;\"><span style=\"font-size: small;\">I disabili in prima fila. In occasione dei preparativi per i  festeggiamenti dedicati a San Gerardo a Potenza, Rocco Summa consigliere  comunale Dec (Democratici e Cattolici) interviene sulla questione delle  postazioni dedicate ai disabili durante la tradizionale parata dei turchi  . In merito Summa  dichiara \u201cLo scorso anno, il Comune di  Potenza ha individuato via Viviani  come zona dedicata ai portatori di handicap  durante la sfilata. L\u2019iniziativa ha riscosso notevole successo\u201d. Poi, il consiglere si sofferma sull\u2019importanza di individuare  aree dedicate alle persone disagiate in tutte le iniziative piccole e grandi nel  capoluogo e rivolge cos\u00ec un invito ai comitati festa e agli organizzatori di  eventi a non dimenticare chi \u00e8 pi\u00f9 sfortunato e, i loro familiari che,  conclude  Summa \u201cin contesti particolarmente caotici e affollati non trovano  spazi che possano accoglerli&#8221;.<\/span><\/p>\n","protected":false},"excerpt":{"rendered":"<p>I disabili in prima fila. In occasione dei preparativi per i festeggiamenti dedicati a San Gerardo a Potenza, Rocco Summa consigliere comunale Dec (Democratici e &#8230; <\/p>\n","protected":false},"author":1,"featured_media":0,"comment_status":"closed","ping_status":"closed","sticky":false,"template":"single-sidebar.php","format":"standard","meta":{"footnotes":""},"categories":[63],"tags":[],"class_list":["post-4995","post","type-post","status-publish","format-standard","hentry","category-news"],"_links":{"self":[{"href":"https:\/\/archivio.comune.potenza.it\/index.php?rest_route=\/wp\/v2\/posts\/4995"}],"collection":[{"href":"https:\/\/archivio.comune.potenza.it\/index.php?rest_route=\/wp\/v2\/posts"}],"about":[{"href":"https:\/\/archivio.comune.potenza.it\/index.php?rest_route=\/wp\/v2\/types\/post"}],"author":[{"embeddable":true,"href":"https:\/\/archivio.comune.potenza.it\/index.php?rest_route=\/wp\/v2\/users\/1"}],"replies":[{"embeddable":true,"href":"https:\/\/archivio.comune.potenza.it\/index.php?rest_route=%2Fwp%2Fv2%2Fcomments&post=4995"}],"version-history":[{"count":0,"href":"https:\/\/archivio.comune.potenza.it\/index.php?rest_route=\/wp\/v2\/posts\/4995\/revisions"}],"wp:attachment":[{"href":"https:\/\/archivio.comune.potenza.it\/index.php?rest_route=%2Fwp%2Fv2%2Fmedia&parent=4995"}],"wp:term":[{"taxonomy":"category","embeddable":true,"href":"https:\/\/archivio.comune.potenza.it\/index.php?rest_route=%2Fwp%2Fv2%2Fcategories&post=4995"},{"taxonomy":"post_tag","embeddable":true,"href":"https:\/\/archivio.comune.potenza.it\/index.php?rest_route=%2Fwp%2Fv2%2Ftags&post=4995"}],"curies":[{"name":"wp","href":"https:\/\/api.w.org\/{rel}","templated":true}]}}