{"id":5023,"date":"2012-04-21T09:42:27","date_gmt":"2012-04-21T07:42:27","guid":{"rendered":"http:\/\/archivio.comune.potenza.it\/comune_wp\/?p=5023"},"modified":"2012-04-21T09:42:27","modified_gmt":"2012-04-21T07:42:27","slug":"scuola-giacomo-leopardi-danneggiata-dai-vandali-attivita-didattica-sospesa-lunedi-23","status":"publish","type":"post","link":"https:\/\/archivio.comune.potenza.it\/?p=5023","title":{"rendered":"Scuola Media Giacomo Leopardi danneggiata dai vandali, attivit\u00e0 didattica sospesa luned\u00ec 23"},"content":{"rendered":"<p style=\"text-align: justify;\"><span style=\"font-size: small;\">Ancora una volta scuole del capoluogo prese di mira dai vandali. Questa volta a farne le spese la scuola media di Rione Lucania, la Giacomo Leopardi, che nella notte tra venerd\u00ec 20 e sabato 21 aprile \u00e8 stata letteralmente devastata da autentici delinquenti che, tra l\u2019altro, hanno anche ritenuto di strappare una bandiera tricolore appesa all\u2019ingresso della scuola, buttandola in terra. Gli assessori all\u2019Istruzione e alla Protezione Civile, rispettivamente Giuseppe Messina e Nicola Lovallo si sono recati sul posto per verificare lo stato dei luoghi e gli interventi da porre in atto affinch\u00e9 potesse essere ristabilita la fruibilit\u00e0 dell\u2019istituto. Gli amministratori esprimono \u201cforte rammarico per questa ennesima manifestazione di \u2018sottocultura\u2019 e di disprezzo violento per le istituzioni\u201d. Gli stessi rivolgono \u201cun forte appello alle forze di polizia e alla Prefettura, perch\u00e9 possa essere rafforzato il controllo del territorio, constatato il ripetersi di episodi tanto gravi, che pare abbiamo preso di mira il mondo dell\u2019istruzione potentina\u201d. L\u2019assessore Messina nel rendicontare i danni subiti evidenzia come siano \u201cstati sfondati diversi vetri di porte e finestre, distrutti l\u2019impianto telefonico e i relativi apparecchi. Sfondate anche le porte delle aule musicali, dalle quali sono stati rubati chitarre e violini, anche se il personale della scuola sta proseguendo l\u2019inventario per verificare altri eventuali danni e altri eventuali furti. Armadi buttati in terra, libri e registri sparsi ovunque e muri e pavimenti imbrattati con la schiuma degli estintori, particolare quest\u2019ultimo che comporter\u00e0 una pulizia pi\u00f9 approfondita dei locali, che sar\u00e0 curata dalla ditta Ariete e dall\u2019Acta, con ulteriori costi a carico della collettivit\u00e0\u201d. E\u2019 stata quindi disposta la sospensione delle attivit\u00e0 didattiche nella stessa scuola per la giornata di luned\u00ec 23 aprile, cos\u00ec da consentire di ultimare le operazioni di bonifica e rendere nuovamente agibili i locali.<\/span><\/p>\n","protected":false},"excerpt":{"rendered":"<p>Ancora una volta scuole del capoluogo prese di mira dai vandali. Questa volta a farne le spese la scuola media di Rione Lucania, la Giacomo &#8230; <\/p>\n","protected":false},"author":1,"featured_media":0,"comment_status":"closed","ping_status":"closed","sticky":false,"template":"single-sidebar.php","format":"standard","meta":{"footnotes":""},"categories":[63],"tags":[],"class_list":["post-5023","post","type-post","status-publish","format-standard","hentry","category-news"],"_links":{"self":[{"href":"https:\/\/archivio.comune.potenza.it\/index.php?rest_route=\/wp\/v2\/posts\/5023"}],"collection":[{"href":"https:\/\/archivio.comune.potenza.it\/index.php?rest_route=\/wp\/v2\/posts"}],"about":[{"href":"https:\/\/archivio.comune.potenza.it\/index.php?rest_route=\/wp\/v2\/types\/post"}],"author":[{"embeddable":true,"href":"https:\/\/archivio.comune.potenza.it\/index.php?rest_route=\/wp\/v2\/users\/1"}],"replies":[{"embeddable":true,"href":"https:\/\/archivio.comune.potenza.it\/index.php?rest_route=%2Fwp%2Fv2%2Fcomments&post=5023"}],"version-history":[{"count":0,"href":"https:\/\/archivio.comune.potenza.it\/index.php?rest_route=\/wp\/v2\/posts\/5023\/revisions"}],"wp:attachment":[{"href":"https:\/\/archivio.comune.potenza.it\/index.php?rest_route=%2Fwp%2Fv2%2Fmedia&parent=5023"}],"wp:term":[{"taxonomy":"category","embeddable":true,"href":"https:\/\/archivio.comune.potenza.it\/index.php?rest_route=%2Fwp%2Fv2%2Fcategories&post=5023"},{"taxonomy":"post_tag","embeddable":true,"href":"https:\/\/archivio.comune.potenza.it\/index.php?rest_route=%2Fwp%2Fv2%2Ftags&post=5023"}],"curies":[{"name":"wp","href":"https:\/\/api.w.org\/{rel}","templated":true}]}}