{"id":5024,"date":"2012-04-21T09:58:41","date_gmt":"2012-04-21T07:58:41","guid":{"rendered":"http:\/\/archivio.comune.potenza.it\/comune_wp\/?p=5024"},"modified":"2012-04-21T09:58:41","modified_gmt":"2012-04-21T07:58:41","slug":"buche-in-citta-interventi-bloccati-dalle-condizioni-meteo-e-dalla-chiusura-degli-impianti-di-bitumazione","status":"publish","type":"post","link":"https:\/\/archivio.comune.potenza.it\/?p=5024","title":{"rendered":"Buche in citt\u00e0, interventi bloccati dalle condizioni meteo e dalla chiusura degli impianti di bitumazione"},"content":{"rendered":"<p style=\"text-align: justify;\"><span style=\"font-size: small;\">\u201cMi scuso con i cittadini per la situazione delle strade del capoluogo,\u201d cos\u00ec interviene l\u2019assessore alla Viabilit\u00e0 del Comune di Potenza Antonio Pesarini \u201cbuche per la maggior parte imputabili all\u2019uso di sale, resosi indispensabile in occasione delle copiose precipitazioni nevose registratesi durante lo scorso inverno. Proprio al fine di limitare i notevoli disagi che i nostri concittadini hanno comunque dovuto sopportare, era stata gi\u00e0 predisposta da giorni una squadra per operare sulle anomalie viarie pi\u00f9 evidenti, in attesa che possano partire gli interventi pi\u00f9 rilevanti. La stessa squadra \u00e8 stata costretta a rinviare i lavori a causa del perdurare delle avverse condizioni meteo e dalla contestuale chiusura degli impianti di produzione di conglomerato bituminoso a caldo. Pur nelle ristrettezze economiche gi\u00e0 note \u2013 ancora Pesarini \u2013 siamo riusciti a reperire circa 25.000 euro che saranno interamente utilizzati per porre rimedio, sulle principali arterie viarie, alle buche pi\u00f9 rilevanti. Ci\u00f2 in attesa di poter dare il via libera al piano di manutenzione straordinaria che comporter\u00e0 il rifacimento dell\u2019intero manto stradale sulle strade che sopportano il maggior flusso veicolare cittadino: via Mazzini, via Vaccaro, viale Marconi, corso Garibaldi e altre. Sappiamo che anche questo ulteriore intervento non sar\u00e0 completamente esaustivo rispetto alle richieste e alle esigenze cittadine. Proprio in quest\u2019ottica \u2013 conclude l\u2019assessore \u2013 abbiamo richiesto in qualit\u00e0 di citt\u00e0 capoluogo della Basilicata, un finanziamento straordinario alla Regione affinch\u00e9 si possa intervenire praticamente sull\u2019intera rete viaria del capoluogo, nella zona urbana e in quella periurbana. Ci siamo attivati anche per l\u2019acquisto di sacchetti di asfalto \u2018a freddo\u2019 per l\u2019eliminazione di buche che riguardano le asterie secondarie, laddove si interviene soprattutto su segnalazione dei cittadini.<\/span><\/p>\n","protected":false},"excerpt":{"rendered":"<p>\u201cMi scuso con i cittadini per la situazione delle strade del capoluogo,\u201d cos\u00ec interviene l\u2019assessore alla Viabilit\u00e0 del Comune di Potenza Antonio Pesarini \u201cbuche per &#8230; <\/p>\n","protected":false},"author":1,"featured_media":0,"comment_status":"closed","ping_status":"closed","sticky":false,"template":"single-sidebar.php","format":"standard","meta":{"footnotes":""},"categories":[63],"tags":[],"class_list":["post-5024","post","type-post","status-publish","format-standard","hentry","category-news"],"_links":{"self":[{"href":"https:\/\/archivio.comune.potenza.it\/index.php?rest_route=\/wp\/v2\/posts\/5024"}],"collection":[{"href":"https:\/\/archivio.comune.potenza.it\/index.php?rest_route=\/wp\/v2\/posts"}],"about":[{"href":"https:\/\/archivio.comune.potenza.it\/index.php?rest_route=\/wp\/v2\/types\/post"}],"author":[{"embeddable":true,"href":"https:\/\/archivio.comune.potenza.it\/index.php?rest_route=\/wp\/v2\/users\/1"}],"replies":[{"embeddable":true,"href":"https:\/\/archivio.comune.potenza.it\/index.php?rest_route=%2Fwp%2Fv2%2Fcomments&post=5024"}],"version-history":[{"count":0,"href":"https:\/\/archivio.comune.potenza.it\/index.php?rest_route=\/wp\/v2\/posts\/5024\/revisions"}],"wp:attachment":[{"href":"https:\/\/archivio.comune.potenza.it\/index.php?rest_route=%2Fwp%2Fv2%2Fmedia&parent=5024"}],"wp:term":[{"taxonomy":"category","embeddable":true,"href":"https:\/\/archivio.comune.potenza.it\/index.php?rest_route=%2Fwp%2Fv2%2Fcategories&post=5024"},{"taxonomy":"post_tag","embeddable":true,"href":"https:\/\/archivio.comune.potenza.it\/index.php?rest_route=%2Fwp%2Fv2%2Ftags&post=5024"}],"curies":[{"name":"wp","href":"https:\/\/api.w.org\/{rel}","templated":true}]}}