{"id":5028,"date":"2012-04-21T10:52:37","date_gmt":"2012-04-21T08:52:37","guid":{"rendered":"http:\/\/archivio.comune.potenza.it\/comune_wp\/?p=5028"},"modified":"2012-04-21T10:52:37","modified_gmt":"2012-04-21T08:52:37","slug":"becce-pdl-su-furti-e-atti-vandalismo","status":"publish","type":"post","link":"https:\/\/archivio.comune.potenza.it\/?p=5028","title":{"rendered":"Becce (PDL) su furti e atti vandalismo chiede assessore alla sicurezza"},"content":{"rendered":"<p style=\"text-align: justify;\"><span style=\"font-size: small;\">\u201cGli eventi di questi ultimi giorni (furti in appartamenti, atti di vandalismo nelle scuole, scippi, molestie, ecc.) evidenziano per l&#8217;ennesima volta i frutti della non-politica in termini di Sicurezza.&#8221; Cos\u00ec il consigliere del PDL, Nicola Becce il quale aggiunge che &#8220;tutte le nostre denunce relative ad occupazioni, degrado e mancanza di adeguata vigilanza prima o poi sfociano in episodi che mettono a rischio i protagonisti e la collettivit\u00e0 limitrofa. Perch\u00e9 bisogna sempre aspettare la &#8220;tragedia&#8221;, per porre azione ed attenzione su problemi gi\u00e0 noti a tutti? (amministrazione compresa).<br \/> Riteniamo doveroso &#8211; conclude- noi del PdL, a costo di essere ripetitivi, che Potenza (citt\u00e0 che fa dell&#8217;accoglienza uno dei suoi aspetti virtuosi) necessiti di un assessore a tempo pieno dedicato alle tematiche di Sicurezza\u201d.<\/span><strong><span style=\"text-decoration: underline;\"><br \/><\/span><\/strong><\/p>\n","protected":false},"excerpt":{"rendered":"<p>\u201cGli eventi di questi ultimi giorni (furti in appartamenti, atti di vandalismo nelle scuole, scippi, molestie, ecc.) evidenziano per l&#8217;ennesima volta i frutti della non-politica &#8230; <\/p>\n","protected":false},"author":1,"featured_media":0,"comment_status":"closed","ping_status":"closed","sticky":false,"template":"single-sidebar.php","format":"standard","meta":{"footnotes":""},"categories":[63],"tags":[],"class_list":["post-5028","post","type-post","status-publish","format-standard","hentry","category-news"],"_links":{"self":[{"href":"https:\/\/archivio.comune.potenza.it\/index.php?rest_route=\/wp\/v2\/posts\/5028"}],"collection":[{"href":"https:\/\/archivio.comune.potenza.it\/index.php?rest_route=\/wp\/v2\/posts"}],"about":[{"href":"https:\/\/archivio.comune.potenza.it\/index.php?rest_route=\/wp\/v2\/types\/post"}],"author":[{"embeddable":true,"href":"https:\/\/archivio.comune.potenza.it\/index.php?rest_route=\/wp\/v2\/users\/1"}],"replies":[{"embeddable":true,"href":"https:\/\/archivio.comune.potenza.it\/index.php?rest_route=%2Fwp%2Fv2%2Fcomments&post=5028"}],"version-history":[{"count":0,"href":"https:\/\/archivio.comune.potenza.it\/index.php?rest_route=\/wp\/v2\/posts\/5028\/revisions"}],"wp:attachment":[{"href":"https:\/\/archivio.comune.potenza.it\/index.php?rest_route=%2Fwp%2Fv2%2Fmedia&parent=5028"}],"wp:term":[{"taxonomy":"category","embeddable":true,"href":"https:\/\/archivio.comune.potenza.it\/index.php?rest_route=%2Fwp%2Fv2%2Fcategories&post=5028"},{"taxonomy":"post_tag","embeddable":true,"href":"https:\/\/archivio.comune.potenza.it\/index.php?rest_route=%2Fwp%2Fv2%2Ftags&post=5028"}],"curies":[{"name":"wp","href":"https:\/\/api.w.org\/{rel}","templated":true}]}}