{"id":5030,"date":"2012-04-22T10:58:03","date_gmt":"2012-04-22T08:58:03","guid":{"rendered":"http:\/\/archivio.comune.potenza.it\/comune_wp\/?p=5030"},"modified":"2012-04-22T10:58:03","modified_gmt":"2012-04-22T08:58:03","slug":"casting-per-cavalieri-e-cavalli-parata-storica-turchi","status":"publish","type":"post","link":"https:\/\/archivio.comune.potenza.it\/?p=5030","title":{"rendered":"Casting per cavalieri e cavalli Parata Storica Turchi"},"content":{"rendered":"<p style=\"text-align: justify;\"><span style=\"font-size: small;\">\u00c8 indetta la selezione per cavalieri e cavalli per la Storica Parata dei Turchi presso il Campo Sportivo \u201cAlfredo Viviani\u201d, il giorno <strong><span style=\"text-decoration: underline;\">3 maggio alle ore 16.00.<br \/><\/span><\/strong>Per il casting \u00e8 necessaria l\u2019iscrizione.<br \/>Servono 11 cavalli con le seguenti specifiche:<\/span><\/p>\n<p style=\"text-align: justify;\"><span style=\"font-size: small;\">1)\u00a0\u00a0\u00a0 sono esclusi cavalli maschi interi (si tratta di una categoria che ha proprio questa dicitura e che i possessori di cavalli ben conoscono)<br \/>2)\u00a0\u00a0\u00a0 i cavalli devono essere dotati di passaporto rilasciato dall\u2019APA e di regolare profilassi sanitaria;<br \/>3)\u00a0\u00a0\u00a0 sar\u00e0 data priorit\u00e0 di partecipazione a cavalli e cavalieri che hanno maturato esperienza in manifestazioni analoghe alla Storica Parata dei Turchi;<br \/>4)\u00a0\u00a0\u00a0 in riferimento all\u2019art.8 del Disciplinare della Storica Parata dei Turchi, bisogner\u00e0 avere comportamenti di buonsenso (buonsenso \u00e8 capacit\u00e0 naturale dell&#8217;individuo di valutare e distinguere il logico dall&#8217;illogico, l&#8217;opportuno dall&#8217;inopportuno, e di comportarsi in modo giusto) e di rispetto verso il pubblico e gli animali;<br \/>5)\u00a0\u00a0\u00a0 l\u2019andatura prevista \u00e8 il passo. Saranno allontanati tutti i cavalieri che adotteranno andatura maggiore;<br \/>6)\u00a0\u00a0\u00a0 qualora le iscrizioni superassero il numero dei cavalli richiesti, e se ci fosse parit\u00e0 di giudizio, sar\u00e0 scelto il cavaliere che si \u00e8 iscritto per primo alla selezione.<\/span><\/p>\n","protected":false},"excerpt":{"rendered":"<p>\u00c8 indetta la selezione per cavalieri e cavalli per la Storica Parata dei Turchi presso il Campo Sportivo \u201cAlfredo Viviani\u201d, il giorno 3 maggio alle &#8230; <\/p>\n","protected":false},"author":1,"featured_media":0,"comment_status":"closed","ping_status":"closed","sticky":false,"template":"single-sidebar.php","format":"standard","meta":{"footnotes":""},"categories":[63],"tags":[],"class_list":["post-5030","post","type-post","status-publish","format-standard","hentry","category-news"],"_links":{"self":[{"href":"https:\/\/archivio.comune.potenza.it\/index.php?rest_route=\/wp\/v2\/posts\/5030"}],"collection":[{"href":"https:\/\/archivio.comune.potenza.it\/index.php?rest_route=\/wp\/v2\/posts"}],"about":[{"href":"https:\/\/archivio.comune.potenza.it\/index.php?rest_route=\/wp\/v2\/types\/post"}],"author":[{"embeddable":true,"href":"https:\/\/archivio.comune.potenza.it\/index.php?rest_route=\/wp\/v2\/users\/1"}],"replies":[{"embeddable":true,"href":"https:\/\/archivio.comune.potenza.it\/index.php?rest_route=%2Fwp%2Fv2%2Fcomments&post=5030"}],"version-history":[{"count":0,"href":"https:\/\/archivio.comune.potenza.it\/index.php?rest_route=\/wp\/v2\/posts\/5030\/revisions"}],"wp:attachment":[{"href":"https:\/\/archivio.comune.potenza.it\/index.php?rest_route=%2Fwp%2Fv2%2Fmedia&parent=5030"}],"wp:term":[{"taxonomy":"category","embeddable":true,"href":"https:\/\/archivio.comune.potenza.it\/index.php?rest_route=%2Fwp%2Fv2%2Fcategories&post=5030"},{"taxonomy":"post_tag","embeddable":true,"href":"https:\/\/archivio.comune.potenza.it\/index.php?rest_route=%2Fwp%2Fv2%2Ftags&post=5030"}],"curies":[{"name":"wp","href":"https:\/\/api.w.org\/{rel}","templated":true}]}}