{"id":5031,"date":"2012-04-22T16:04:51","date_gmt":"2012-04-22T14:04:51","guid":{"rendered":"http:\/\/archivio.comune.potenza.it\/comune_wp\/?p=5031"},"modified":"2012-04-22T16:04:51","modified_gmt":"2012-04-22T14:04:51","slug":"molinari-opp-fare-chiarezza-su-ztl","status":"publish","type":"post","link":"https:\/\/archivio.comune.potenza.it\/?p=5031","title":{"rendered":"Molinari (Opp): fare chiarezza su ZTL"},"content":{"rendered":"<p style=\"text-align: justify;\"><span class=\"s3\" style=\"line-height: 19px;\">\u201cAlcuni cittadini hanno segnalato che raggiungendo il centro storico di Potenza con la propria automobile<\/span><span class=\"s3\" style=\"line-height: 19px;\">,<\/span><span class=\"s3\" style=\"line-height: 19px;\"> negli orari di apertura della Ztl<\/span><span class=\"s3\" style=\"line-height: 19px;\">,<\/span><span class=\"s3\" style=\"line-height: 19px;\"> sono stati fermati ed intimati da ausiliari del traffico a non sostare per pi\u00f9 di dieci minuti o a pagare il biglietto di sosta\u201d.<\/span><span style=\"font-size: small; line-height: 19px;\">Nel riferire quanto evidenziato da alcuni cittadini il consigliere comunale di Potenza Giuseppe Molinari annuncia che chieder\u00e0 all\u2019amministrazione comunale chiarimenti circa l\u2019opportunit\u00e0 di transitare e sostare nel centro storico negli orari in cui non vige la Ztl.<\/span><span class=\"s3\" style=\"line-height: 19px;\">\u201cE\u2019 necessario<\/span><span class=\"s3\" style=\"line-height: 19px;\"> \u2013continua Molinari- comprendere bene perch\u00e9<\/span><span class=\"s3\" style=\"line-height: 19px;\"> nonostante sia stato deciso,<\/span><span class=\"s3\" style=\"line-height: 19px;\"> in alcune ore e durante il fine settimana<\/span><span class=\"s3\" style=\"line-height: 19px;\">,<\/span><span class=\"s3\" style=\"line-height: 19px;\"> l\u2019accesso libero in centro alcuni cittadini <\/span><span class=\"s3\" style=\"line-height: 19px;\">abbian<\/span><span class=\"s3\" style=\"line-height: 19px;\">o ricevuto rimproveri ed avvertimenti da parte di ausiliari del traffico. E\u2019, dunque, importante verificare se ci\u00f2 sia davvero accaduto e se s\u00ec perch\u00e9<\/span><span class=\"s3\" style=\"line-height: 19px;\">,<\/span><span class=\"s3\" style=\"line-height: 19px;\"> cos\u00ec che si possa spiegare eventualmente ancora meglio ai cittadini come regolarsi con gli orari previsti per il libero accesso al centro storico. Non vorremmo, infatti, che il provvedimento adottato dall\u2019amministrazione comunal<\/span><span class=\"s3\" style=\"line-height: 19px;\">e per incentivare i cittadini a passeggiare<\/span><span class=\"s3\" style=\"line-height: 19px;\"> in Via Pretoria, si rivelasse<\/span><span class=\"s3\" style=\"line-height: 19px;\"> \u2013conclude Molinari-<\/span><span class=\"s3\" style=\"line-height: 19px;\"> un flop a causa di una informazione poco chiara anche da parte degli stessi ausiliari del traffico\u201d.<\/span><\/p>\n","protected":false},"excerpt":{"rendered":"<p>\u201cAlcuni cittadini hanno segnalato che raggiungendo il centro storico di Potenza con la propria automobile, negli orari di apertura della Ztl, sono stati fermati ed &#8230; <\/p>\n","protected":false},"author":1,"featured_media":0,"comment_status":"closed","ping_status":"closed","sticky":false,"template":"single-sidebar.php","format":"standard","meta":{"footnotes":""},"categories":[63],"tags":[],"class_list":["post-5031","post","type-post","status-publish","format-standard","hentry","category-news"],"_links":{"self":[{"href":"https:\/\/archivio.comune.potenza.it\/index.php?rest_route=\/wp\/v2\/posts\/5031"}],"collection":[{"href":"https:\/\/archivio.comune.potenza.it\/index.php?rest_route=\/wp\/v2\/posts"}],"about":[{"href":"https:\/\/archivio.comune.potenza.it\/index.php?rest_route=\/wp\/v2\/types\/post"}],"author":[{"embeddable":true,"href":"https:\/\/archivio.comune.potenza.it\/index.php?rest_route=\/wp\/v2\/users\/1"}],"replies":[{"embeddable":true,"href":"https:\/\/archivio.comune.potenza.it\/index.php?rest_route=%2Fwp%2Fv2%2Fcomments&post=5031"}],"version-history":[{"count":0,"href":"https:\/\/archivio.comune.potenza.it\/index.php?rest_route=\/wp\/v2\/posts\/5031\/revisions"}],"wp:attachment":[{"href":"https:\/\/archivio.comune.potenza.it\/index.php?rest_route=%2Fwp%2Fv2%2Fmedia&parent=5031"}],"wp:term":[{"taxonomy":"category","embeddable":true,"href":"https:\/\/archivio.comune.potenza.it\/index.php?rest_route=%2Fwp%2Fv2%2Fcategories&post=5031"},{"taxonomy":"post_tag","embeddable":true,"href":"https:\/\/archivio.comune.potenza.it\/index.php?rest_route=%2Fwp%2Fv2%2Ftags&post=5031"}],"curies":[{"name":"wp","href":"https:\/\/api.w.org\/{rel}","templated":true}]}}