{"id":5035,"date":"2012-04-23T12:08:37","date_gmt":"2012-04-23T10:08:37","guid":{"rendered":"http:\/\/archivio.comune.potenza.it\/comune_wp\/?p=5035"},"modified":"2012-04-23T12:08:37","modified_gmt":"2012-04-23T10:08:37","slug":"santarsieroqa-rischio-sistema-comuni-con-danno-storico-per-paese","status":"publish","type":"post","link":"https:\/\/archivio.comune.potenza.it\/?p=5035","title":{"rendered":"I Sindaci lucani approvano documento su crisi Comuni"},"content":{"rendered":"<p style=\"text-align: justify; \"><span style=\"font-size: small;\"><span style=\"color: #000000;\"><img decoding=\"async\" src=\"multimediali\/immagini\/News\/2012\/04\/sindaci lucani.jpg\" border=\"0\" style=\"float: left; margin: 10px;\" \/>Attribuzione completa dell\u2019IMU ai Comuni, la rimozione del Patto di Stabilit\u00e0, la eliminazione della Tesoreria Unica. Sono queste alcune delle richieste contenute in un documento approvato oggi dai Sindaci lucani al termine della manifestazione svoltasi al Teatro F.Stabile di Potenza.<br \/>\u201cLa massiccia partecipazione \u2013 ha detto il Presidente dell\u2019Anci Basilicata Vito Santarsiero- ed il forte grido di allarme sollevato stamane anche dai Sindaci lucani, conferma che la situazione \u00e8 quasi al punto di non ritorno.O si interviene subito \u2013ha aggiunto- o si mette a rischio il sistema dei Comuni con un danno storico per il nostro Paese. Senza Comuni non c\u2019\u00e8 garanzia di futuro e di servizi essenziali per le nostre comunit\u00e0. Solo politiche a favore degli Enti locali potranno garantire percorsi di crescita e di sviluppo per l\u2019Italia.\u201d<br \/>Al termine dell\u2019incontro i Sindaci hanno consegnato il documento approvato al prefetto di Potenza, Dott. Nunziante.<\/span><\/span><\/p>\n<p style=\"text-align: justify; \"><span style=\"font-size: small;\"><span style=\"color: #000000;\"><img decoding=\"async\" src=\"multimediali\/immagini\/News\/2012\/04\/prefetto.jpg\" border=\"0\" style=\"float: left; margin: 10px;\" \/><\/span><\/span><\/p>\n<p style=\"text-align: justify; \"><span style=\"font-size: small;\"><span style=\"color: #000000;\">Questo il testo del documento:<\/p>\n<p><\/span><\/span><span style=\"color: #000000; font-size: small; \">L\u2019Assemblea dei Comuni lucani riunitasi a Potenza il 23 aprile 2012 preso atto della situazione in cui versano gli Enti Locali Territoriali, che nel corso degli anni \u00e8 diventata sempre pi\u00f9 insostenibile e ingestibile al punto tale da rendere impossibile la stessa azione amministrativa.<\/span><\/p>\n<p style=\"text-align: justify; \"><strong><span style=\"font-size: small;\"><span style=\"color: #000000;\"> VALUTA IN TERMINI NEGATIVI:<\/span><\/span><\/strong><\/p>\n<p style=\"text-align: justify; \"><span style=\"font-size: small;\"><span style=\"color: #000000;\"> <\/span><\/span><\/p>\n<ol style=\"text-align: justify; \">\n<li><span style=\"font-size: small;\"><span style=\"color: #000000;\">l\u2019ulteriore taglio ai trasferimenti che \u00e8 pari per i soli Comuni lucani a 40 MLN \u20ac;<\/span><\/span><\/li>\n<li><span style=\"font-size: small;\"><span style=\"color: #000000;\">la disciplina dell\u2019IMU che ben lungi dall\u2019essere una imposta a disposizione di Comuni per dare autonomia e sviluppo ai territori, \u00e8 diventata un clamoroso boomerang considerato che i Municipi, chiamati ad essere esattori per conto terzi, chiederanno ai cittadini di pagare somme che saranno in gran parte incassate dalla Stato non avendo in cambio n\u00e9 il gettito, n\u00e9 liquidit\u00e0;<\/span><\/span><\/li>\n<li><span style=\"font-size: small;\"><span style=\"color: #000000;\">la introduzione della tesoreria unica, un provvedimento che, oltre ad umiliare\u00a0 sul piano simbolico l\u2019autonomia comunale sancita costituzionalmente, determina al contempo un ulteriore danno economico per i bilanci dei comuni, dal momento che oltre alla mancata disponibilit\u00e0 delle risorse proprie non viene garantita neanche l\u2019equivalenza del rendimento finanziario rispetto ai tassi i interesse fin qui maturati presso le tesorerie comunali; nella sola regione Basilicata i Comuni, per effetto di tale norma, \u00e8 stata valutata una perdita pari a 15 MLN\u20ac;<\/span><\/span><\/li>\n<li><span style=\"font-size: small;\"><span style=\"color: #000000;\">la conferma del Patto di Stabilit\u00e0 che blocca risorse gi\u00e0 impegnate colpendo l\u2019economia reale dei territori penalizzando le amministrazioni costrette a non rispettare i pagamenti e a non investire in settori strategici, dall\u2019edilizia scolastica alla fornitura di servizi sociali; presso i Comuni della sola regione Basilicata per effetto di tale norma sono bloccati investimenti per circa 200 MLN\u20ac<\/span><\/span><\/li>\n<li><span style=\"font-size: small;\"><span style=\"color: #000000;\">la mancata attuazione della Legge 42\/09 sul Federalismo;<\/span><\/span><\/li>\n<\/ol>\n<p style=\"text-align: justify; \"><span style=\"font-size: small;\"><span style=\"color: #000000;\"> <\/span><\/span><\/p>\n<p style=\"text-align: justify; \"><strong><span style=\"font-size: small;\"><span style=\"color: #000000;\">EVIDENZIA CHE IN TALE SITUAZIONE:<\/span><\/span><\/strong><\/p>\n<p style=\"text-align: justify; \"><strong><span style=\"font-size: small;\"><span style=\"color: #000000;\"> <\/span><\/span><\/strong><\/p>\n<ol style=\"text-align: justify; \">\n<li><span style=\"font-size: small;\"><span style=\"color: #000000;\">non sar\u00e0 possibile approvare      bilanci in grado di rispondere alle esigenze dei cittadini e garantire la      fornitura di primari servizi di assistenza sociale, trasporto scolastico,      mensa ecc.;<\/span><\/span><\/li>\n<li><span style=\"font-size: small;\"><span style=\"color: #000000;\">non sar\u00e0 possibile investire per      lo sviluppo locale e la crescita delle nostre comunit\u00e0:<\/span><\/span><\/li>\n<li><span style=\"font-size: small;\"><span style=\"color: #000000;\">non sar\u00e0 possibile mantenere gli      impegni sottoscritti con fornitori, cooperative, artigiani, piccole e      medie imprese per il pagamento di opere e servizi regolarmente appaltati;<\/span><\/span><\/li>\n<li><span style=\"font-size: small;\"><span style=\"color: #000000;\">\u00e8 sempre pi\u00f9 grave\u00a0 lo stato per i piccoli Comuni che dal      prossimo anno entreranno nel Patto di Stabilit\u00e0 e che, avendo minore      flessibilit\u00e0 nella gestione del bilancio, hanno pi\u00f9 problemi nel garantire      i servizi alla comunit\u00e0;<\/span><\/span><\/li>\n<li><span style=\"font-size: small;\"><span style=\"color: #000000;\">i Comuni d\u2019Italia, ed anche      quelli lucani, rappresentano l\u2019unico comparto della P.A. che continua a      ridurre il personale e le spese. Complessivamente tra il 2007 e il 2013 il      miglioramento del deficit \u00e8 stato pari a 13 MLD\u20ac;<\/span><\/span><\/li>\n<li><span style=\"font-size: small;\"><span style=\"color: #000000;\">la\u00a0\u00a0 crisi economica, occupazionale, la      crescente povert\u00e0 e il mancato sviluppo delle nostre comunit\u00e0\u00a0\u00a0 cominciano a determinare evidenti e      preoccupanti tensioni sociali con ricadute sui Sindaci e gli      Amministratori locali, sempre pi\u00f9 primo riferimento istituzionale dei cittadini. <\/span><\/span><\/li>\n<\/ol>\n<p style=\"text-align: justify; \"><span style=\"font-size: small;\"><span style=\"color: #000000;\"> <\/span><\/span><span style=\"color: #000000; font-size: small; font-weight: bold; \">CHIEDE<\/span><\/p>\n<p style=\"text-align: justify; \"><strong><span style=\"font-size: small;\"><span style=\"color: #000000;\">AL GOVERNO E AL PARLAMENTO<\/span><\/span><\/strong><\/p>\n<p style=\"text-align: justify; \"><span style=\"color: #000000; font-size: small; \">di prendere atto della complessit\u00e0 degli interventi che si abbattono sui Comuni rendendo impossibile la capacit\u00e0 di governo locale del territorio e di intervenire con certezza di tempi e diritto affinch\u00e9 possano essere rimossi gli ostacoli e le criticit\u00e0 sopra citate ed in particolare:<\/span><\/p>\n<ol>\n<li style=\"text-align: justify;\"><span style=\"color: #000000;\"><span style=\"font-size: small;\">l\u2019attribuzione completa dell\u2019IMU ai Comuni;<\/span><\/span><\/li>\n<li style=\"text-align: justify;\"><span style=\"color: #000000;\"><span style=\"font-size: small;\">la rimozione del Patto di Stabilit\u00e0;<\/span><\/span><\/li>\n<li style=\"text-align: justify;\"><span style=\"color: #000000;\"><span style=\"font-size: small;\">la eliminazione della Tesoreria Unica;<\/span><\/span><\/li>\n<li style=\"text-align: justify;\"><span style=\"color: #000000;\"><span style=\"font-size: small;\">l\u2019approvazione della Carta delle Autonomie;<\/span><\/span><\/li>\n<li style=\"text-align: justify;\"><span style=\"color: #000000;\"><span style=\"font-size: small;\">l\u2019attuazione della Legge 42\/09;<br \/><\/span><\/span><span style=\"font-size: small; color: #000000;\">6. la      tutela per i Sindaci e gli Amministratori locali.<\/span><\/li>\n<\/ol>\n","protected":false},"excerpt":{"rendered":"<p>Attribuzione completa dell\u2019IMU ai Comuni, la rimozione del Patto di Stabilit\u00e0, la eliminazione della Tesoreria Unica. Sono queste alcune delle richieste contenute in un documento &#8230; <\/p>\n","protected":false},"author":1,"featured_media":0,"comment_status":"closed","ping_status":"closed","sticky":false,"template":"single-sidebar.php","format":"standard","meta":{"footnotes":""},"categories":[63],"tags":[],"class_list":["post-5035","post","type-post","status-publish","format-standard","hentry","category-news"],"_links":{"self":[{"href":"https:\/\/archivio.comune.potenza.it\/index.php?rest_route=\/wp\/v2\/posts\/5035"}],"collection":[{"href":"https:\/\/archivio.comune.potenza.it\/index.php?rest_route=\/wp\/v2\/posts"}],"about":[{"href":"https:\/\/archivio.comune.potenza.it\/index.php?rest_route=\/wp\/v2\/types\/post"}],"author":[{"embeddable":true,"href":"https:\/\/archivio.comune.potenza.it\/index.php?rest_route=\/wp\/v2\/users\/1"}],"replies":[{"embeddable":true,"href":"https:\/\/archivio.comune.potenza.it\/index.php?rest_route=%2Fwp%2Fv2%2Fcomments&post=5035"}],"version-history":[{"count":0,"href":"https:\/\/archivio.comune.potenza.it\/index.php?rest_route=\/wp\/v2\/posts\/5035\/revisions"}],"wp:attachment":[{"href":"https:\/\/archivio.comune.potenza.it\/index.php?rest_route=%2Fwp%2Fv2%2Fmedia&parent=5035"}],"wp:term":[{"taxonomy":"category","embeddable":true,"href":"https:\/\/archivio.comune.potenza.it\/index.php?rest_route=%2Fwp%2Fv2%2Fcategories&post=5035"},{"taxonomy":"post_tag","embeddable":true,"href":"https:\/\/archivio.comune.potenza.it\/index.php?rest_route=%2Fwp%2Fv2%2Ftags&post=5035"}],"curies":[{"name":"wp","href":"https:\/\/api.w.org\/{rel}","templated":true}]}}