{"id":5044,"date":"2012-04-24T11:14:43","date_gmt":"2012-04-24T09:14:43","guid":{"rendered":"http:\/\/archivio.comune.potenza.it\/comune_wp\/?p=5044"},"modified":"2012-04-24T11:14:43","modified_gmt":"2012-04-24T09:14:43","slug":"telethonil-29-aprile-a-potenza-la-mini-maratona-qwalk-of-lifeq","status":"publish","type":"post","link":"https:\/\/archivio.comune.potenza.it\/?p=5044","title":{"rendered":"Telethon:il 29 aprile a Potenza la mini maratona &#8220;Walk of life&#8221;"},"content":{"rendered":"<p style=\"text-align: justify;\"><span style=\"font-size: small;\">(ANSA) \u00a0&#8211; Potenza \u00e8 una delle otto citt\u00e0 italiane &#8211; insieme a Napoli, Roma, Bari, Milano, Torino, Catania e Lanciano (Chieti) &#8211; a ospitare &#8220;Walk of life&#8221;, la mini-maratona di dieci chilometri organizzata da Telethon per la raccolta di fondi da destinare alla ricerca: la gara si svolger\u00e0 domenica prossima, 29 aprile, con partenza e arrivo in piazza Don Bosco. La manifestazione \u00e8 stata presentata stamani, a Potenza, nel corso di un incontro con i giornalisti, a cui hanno partecipato il sindaco di Potenza, Vito Santarsiero, l&#8217;assessore regionale alla salute, Attilio Martorano, il presidente della Provincia di Potenza, Piero Lacorazza, e la coordinatrice provinciale di Telethon, Eliana Clingo. La partenza della maratona \u00e8 prevista alle ore 10: alla gara si aggiunge una passeggiata non competitiva di tre chilometri. La corsa (che si \u00e8 gi\u00e0 svolta a Roma, con circa cinquemila partecipanti) \u00e8 in contemporanea con Napoli: poi sar\u00e0 la volta di Bari (1 maggio), Milano, Torino, Catania e Lanciano (6 maggio). Per l&#8217;iscrizione al &#8220;Walk of life&#8221; \u00e8 necessario un versamento di dieci euro (cinque per i bambini fino a 12 anni), da effettuare nei punti gestiti dai volontari o su internet, all&#8217;indirizzo www.walkoflife.it. Si tratta di &#8220;maratone&#8221; organizzate per &#8220;uscire dalla tv e cercare nuovi fondi&#8221;, ha detto il direttore delle relazioni esterne di Telethon, Marco Piazza: un&#8217;attivit\u00e0 oggi ancora pi\u00f9 fondamentale perch\u00e9 &#8220;senza questi sostegni sarebbe impossibile condurre studi, in particolare sulle malattie rare&#8221;, ha spiegato Sara Ricci, giovane ricercatrice lucana impegnata in un progetto di ricerca a Napoli, finanziato da Telethon. &#8220;La citt\u00e0 \u00e8 orgogliosa di accogliere questa importante manifestazione&#8221;, ha detto Santarsiero, assicurando &#8220;il sostegno forte e convinto di tutta la comunit\u00e0 potentina, che \u00e9 sempre pronta a dare un contributo alle cause nobili&#8221;. Per Lacorazza, \u00e8 importante portare &#8220;queste iniziative nelle strade, uscendo dalla tv e impegnando direttamente una citt\u00e0, oltre a consentire la ricerca in un Mezzogiorno che ne ha profondamente bisogno&#8221;, mentre secondo Martorano, &#8220;\u00e9 fondamentale anche far conoscere a tutti la realt\u00e0 di queste malattie rare e della vita che conduce chi ne \u00e8 colpito&#8221;, ricordando poi che &#8220;anche la sanit\u00e0 della Basilicata ha punte di eccellenza nella ricerca che contribuiscono alla causa&#8221;. (ANSA).<\/span><\/p>\n<p style=\"text-align: justify;\"><span style=\"font-size: small;\">YR1-LSC\/ S44 QBXD<\/span><\/p>\n","protected":false},"excerpt":{"rendered":"<p>(ANSA) \u00a0&#8211; Potenza \u00e8 una delle otto citt\u00e0 italiane &#8211; insieme a Napoli, Roma, Bari, Milano, Torino, Catania e Lanciano (Chieti) &#8211; a ospitare &#8220;Walk &#8230; <\/p>\n","protected":false},"author":1,"featured_media":0,"comment_status":"closed","ping_status":"closed","sticky":false,"template":"single-sidebar.php","format":"standard","meta":{"footnotes":""},"categories":[63],"tags":[],"class_list":["post-5044","post","type-post","status-publish","format-standard","hentry","category-news"],"_links":{"self":[{"href":"https:\/\/archivio.comune.potenza.it\/index.php?rest_route=\/wp\/v2\/posts\/5044"}],"collection":[{"href":"https:\/\/archivio.comune.potenza.it\/index.php?rest_route=\/wp\/v2\/posts"}],"about":[{"href":"https:\/\/archivio.comune.potenza.it\/index.php?rest_route=\/wp\/v2\/types\/post"}],"author":[{"embeddable":true,"href":"https:\/\/archivio.comune.potenza.it\/index.php?rest_route=\/wp\/v2\/users\/1"}],"replies":[{"embeddable":true,"href":"https:\/\/archivio.comune.potenza.it\/index.php?rest_route=%2Fwp%2Fv2%2Fcomments&post=5044"}],"version-history":[{"count":0,"href":"https:\/\/archivio.comune.potenza.it\/index.php?rest_route=\/wp\/v2\/posts\/5044\/revisions"}],"wp:attachment":[{"href":"https:\/\/archivio.comune.potenza.it\/index.php?rest_route=%2Fwp%2Fv2%2Fmedia&parent=5044"}],"wp:term":[{"taxonomy":"category","embeddable":true,"href":"https:\/\/archivio.comune.potenza.it\/index.php?rest_route=%2Fwp%2Fv2%2Fcategories&post=5044"},{"taxonomy":"post_tag","embeddable":true,"href":"https:\/\/archivio.comune.potenza.it\/index.php?rest_route=%2Fwp%2Fv2%2Ftags&post=5044"}],"curies":[{"name":"wp","href":"https:\/\/api.w.org\/{rel}","templated":true}]}}