{"id":5045,"date":"2012-04-24T11:47:26","date_gmt":"2012-04-24T09:47:26","guid":{"rendered":"http:\/\/archivio.comune.potenza.it\/comune_wp\/?p=5045"},"modified":"2012-04-24T11:47:26","modified_gmt":"2012-04-24T09:47:26","slug":"presentato-il-progetto-qbasilicata-on-mediaq","status":"publish","type":"post","link":"https:\/\/archivio.comune.potenza.it\/?p=5045","title":{"rendered":"Presentato il progetto &#8220;Basilicata on media&#8221;"},"content":{"rendered":"<p style=\"text-align: justify;\"><span style=\"font-size: small;\"><img decoding=\"async\" src=\"multimediali\/immagini\/News\/2012\/04\/tv digitale.jpg\" border=\"0\" style=\"float: left; margin: 10px;\" \/>Presentato nella Sala dell\u2019Arco del Palazzo di Citt\u00e0 di Potenza il progetto \u2018Basilicata on media\u2019 illustrato dal responsabile dell\u2019ufficio stampa della Giunta regionale Giovanni Rivelli, dalla responsabile dell\u2019ufficio stampa del Comune di Potenza Loredana Costanza e dal titolare della ditta individuale \u2018Comm.video\u2019, Antonio Sabia. \u201cAbbiamo trasferito quella che \u00e8 un\u2019esperienza che altri Comuni hanno gi\u00e0 fatto nella nostra realt\u00e0, \u2013 ha spiegato Rivelli \u2013 adattandola al modello lucano. Lodevole l\u2019iniziativa della Comm-video, un\u2019azienda che non chiede finanziamenti, ma offre un servizio che potrebbe interessare ciascuno dei 131 Comuni della Basilicata. Le nuove tecnologie consentono di customizzare l\u2019informazione locale. Si tratta \u2013 ancora Rivelli \u2013 di un\u2019iniziativa che persegue pi\u00f9 la trasparenza che l\u2019informazione, ponendo a disposizione della collettivit\u00e0, il materiale complementare e non sostitutivo di quello esistente, un input che potr\u00e0 rappresentare il volano di un sistema basato appunto sulla trasparenza, per rendere sempre pi\u00f9 le istituzioni un \u2018palazzo di vetro\u2019.\u201d E di trasparenza ha parlato anche la Costanza secondo la quale \u201cla cittadinanza tutta potr\u00e0 usufruire di contenuti utili sia nella vita pratica, quella fatta di documenti, sia per quel che riguarda gli aspetti sociali e culturali, penso alle notizie che quotidianamente diffondiamo attraverso i comunicati stampa\u201d. Secondo Sabia, si tratta di una \u201ctelevisione realizzata per coloro che vivono gran parte della giornata fuori casa, che cos\u00ec potranno conoscere notizie e, magari, consultare l\u2019albo pretorio. Il video standard, un monitor verticale di 46 pollici, \u00e8 suddiviso in tre sezioni, una in alto dedicata al Comune nel quale il televisore \u00e8 installato, una centrale con le informazioni regionali e una in basso commerciale, laddove gli imprenditori potranno proporre messaggi pubblicitari. La web tv cos\u00ec, non sar\u00e0 pi\u00f9 on demand, ma appannaggio di tutti, grazie a un progetto che ha visto la sua genesi cinque anni fa\u201d. Entro i prossimi 40 giorni i primi 10 impianti saranno attivati in altrettanti Comuni, e le previsioni parlano di 40 monitor attivi entro il primo anno.<\/span><\/p>\n<p style=\"text-align: justify;\"><span style=\"font-size: small;\"> <\/span><\/p>\n","protected":false},"excerpt":{"rendered":"<p>Presentato nella Sala dell\u2019Arco del Palazzo di Citt\u00e0 di Potenza il progetto \u2018Basilicata on media\u2019 illustrato dal responsabile dell\u2019ufficio stampa della Giunta regionale Giovanni Rivelli, &#8230; <\/p>\n","protected":false},"author":1,"featured_media":0,"comment_status":"closed","ping_status":"closed","sticky":false,"template":"single-sidebar.php","format":"standard","meta":{"footnotes":""},"categories":[63],"tags":[],"class_list":["post-5045","post","type-post","status-publish","format-standard","hentry","category-news"],"_links":{"self":[{"href":"https:\/\/archivio.comune.potenza.it\/index.php?rest_route=\/wp\/v2\/posts\/5045"}],"collection":[{"href":"https:\/\/archivio.comune.potenza.it\/index.php?rest_route=\/wp\/v2\/posts"}],"about":[{"href":"https:\/\/archivio.comune.potenza.it\/index.php?rest_route=\/wp\/v2\/types\/post"}],"author":[{"embeddable":true,"href":"https:\/\/archivio.comune.potenza.it\/index.php?rest_route=\/wp\/v2\/users\/1"}],"replies":[{"embeddable":true,"href":"https:\/\/archivio.comune.potenza.it\/index.php?rest_route=%2Fwp%2Fv2%2Fcomments&post=5045"}],"version-history":[{"count":0,"href":"https:\/\/archivio.comune.potenza.it\/index.php?rest_route=\/wp\/v2\/posts\/5045\/revisions"}],"wp:attachment":[{"href":"https:\/\/archivio.comune.potenza.it\/index.php?rest_route=%2Fwp%2Fv2%2Fmedia&parent=5045"}],"wp:term":[{"taxonomy":"category","embeddable":true,"href":"https:\/\/archivio.comune.potenza.it\/index.php?rest_route=%2Fwp%2Fv2%2Fcategories&post=5045"},{"taxonomy":"post_tag","embeddable":true,"href":"https:\/\/archivio.comune.potenza.it\/index.php?rest_route=%2Fwp%2Fv2%2Ftags&post=5045"}],"curies":[{"name":"wp","href":"https:\/\/api.w.org\/{rel}","templated":true}]}}