{"id":5047,"date":"2012-04-24T16:12:20","date_gmt":"2012-04-24T14:12:20","guid":{"rendered":"http:\/\/archivio.comune.potenza.it\/comune_wp\/?p=5047"},"modified":"2012-04-24T16:12:20","modified_gmt":"2012-04-24T14:12:20","slug":"consiglio-comunale-del-24-aprile-2012","status":"publish","type":"post","link":"https:\/\/archivio.comune.potenza.it\/?p=5047","title":{"rendered":"Consiglio comunale del 24 aprile 2012"},"content":{"rendered":"<p>Il Consiglio comunale ha inizio alle 17,55 con il presidente Vincenzo Santangelo<strong> <\/strong>che dopo aver effettuato l\u2019appello e posta in votazione l\u2019approvazione dei verbali della seduta precedente, che ha luogo all\u2019unanimit\u00e0, d\u00e0 una comunicazione riguardante una delibera della sezione potentina della Corte dei Conti riguardante l\u2019Amministrazione comunale. Primo intervento \u00e8 quello del consigliere del Pdl Antonino Imbesi secondo il quale si tratta \u201cdi un ordine della Corte dei Conti di provvedere alla modifica del bilancio preventivo. Non sappiamo nemmeno se il bilancio consuntivo che ci \u00e8 stato consegnato e discuteremo in quest\u2019aula tra pochi giorni, ha dato risposta alle indicazioni della Corte. \u00a0Evidenzio la gravit\u00e0 del ritardo con il quale la comunicazione \u00e8 giunta, ritardo non imputabile al solo Presidente, che si \u00e8 fatto giustamente carico del rilevante disguido, ma a tutto l\u2019Ufficio di presidenza\u201d. Il consigliere del gruppo misto Rocco Coviello prende la parola per dire che \u201canche se c\u2019\u00e8 stato un confronto tra l\u2019Amministrazione dell\u2019Ente, anche nella persona del vicesindaco, e la Corte dei Conti, \u00e8 gravissimo che il resto della struttura non si sia adoperato affinch\u00e9 la comunicazione che giunge oggi in Consiglio comunale non sia giunta entro i giusti tempi. Per la terza volta la comunicazione della Corte ci richiama al rispetto delle regole, cosa che evidentemente anche quest\u2019anno non abbiamo fatto. Chiedo che si verifichino le responsabilit\u00e0 e si eviti che si tornino a ripetere gli stessi errori in futuro\u201d. Il capogruppo del Mpa e vicepresidente del Consiglio Salavatore Lacerra, interviene affermando che \u201cse accadono queste cose \u00e8 chiaro che abbiamo una procedura non corretta, che non ci pone al riparo da una serie di errori, essendo l\u2019Ufficio di presidenza un organo s\u00ec tecnico, ma anche politico\u201d.<\/p>\n","protected":false},"excerpt":{"rendered":"<p>Il Consiglio comunale ha inizio alle 17,55 con il presidente Vincenzo Santangelo che dopo aver effettuato l\u2019appello e posta in votazione l\u2019approvazione dei verbali della &#8230; <\/p>\n","protected":false},"author":1,"featured_media":0,"comment_status":"closed","ping_status":"closed","sticky":false,"template":"single-sidebar.php","format":"standard","meta":{"footnotes":""},"categories":[63],"tags":[],"class_list":["post-5047","post","type-post","status-publish","format-standard","hentry","category-news"],"_links":{"self":[{"href":"https:\/\/archivio.comune.potenza.it\/index.php?rest_route=\/wp\/v2\/posts\/5047"}],"collection":[{"href":"https:\/\/archivio.comune.potenza.it\/index.php?rest_route=\/wp\/v2\/posts"}],"about":[{"href":"https:\/\/archivio.comune.potenza.it\/index.php?rest_route=\/wp\/v2\/types\/post"}],"author":[{"embeddable":true,"href":"https:\/\/archivio.comune.potenza.it\/index.php?rest_route=\/wp\/v2\/users\/1"}],"replies":[{"embeddable":true,"href":"https:\/\/archivio.comune.potenza.it\/index.php?rest_route=%2Fwp%2Fv2%2Fcomments&post=5047"}],"version-history":[{"count":0,"href":"https:\/\/archivio.comune.potenza.it\/index.php?rest_route=\/wp\/v2\/posts\/5047\/revisions"}],"wp:attachment":[{"href":"https:\/\/archivio.comune.potenza.it\/index.php?rest_route=%2Fwp%2Fv2%2Fmedia&parent=5047"}],"wp:term":[{"taxonomy":"category","embeddable":true,"href":"https:\/\/archivio.comune.potenza.it\/index.php?rest_route=%2Fwp%2Fv2%2Fcategories&post=5047"},{"taxonomy":"post_tag","embeddable":true,"href":"https:\/\/archivio.comune.potenza.it\/index.php?rest_route=%2Fwp%2Fv2%2Ftags&post=5047"}],"curies":[{"name":"wp","href":"https:\/\/api.w.org\/{rel}","templated":true}]}}