{"id":5051,"date":"2012-04-26T17:20:54","date_gmt":"2012-04-26T15:20:54","guid":{"rendered":"http:\/\/archivio.comune.potenza.it\/comune_wp\/?p=5051"},"modified":"2012-04-26T17:20:54","modified_gmt":"2012-04-26T15:20:54","slug":"santarsiero-la-citta-di-potenza-e-ben-altro-di-quanto-oggi-pubblicato-su-repubblica-articolo-ingiusto-e-non-veritiero-nel-giudizio-sulla-nostra-comunita","status":"publish","type":"post","link":"https:\/\/archivio.comune.potenza.it\/?p=5051","title":{"rendered":"Santarsiero: \u201cla citt\u00e0 di Potenza \u00e8 ben altro di quanto oggi pubblicato su Repubblica&#8221;"},"content":{"rendered":"<p style=\"text-align: justify;\"><span style=\"font-size: small;\">\u201cUna visione di citt\u00e0 che non meritiamo, lontana dalle vere sensibilit\u00e0 di una comunit\u00e0 che, come tutte, vive i tanti problemi e le tante contraddizioni del nostro tempo ma che mai \u00e8 venuta meno sui valori fondanti dei principi di legalit\u00e0 e di condanna di ogni reato. Tutt\u2019altro che omertosi e chiusi a coprire omicidi\u00a0 abbiamo sempre espresso condanna senza appello nei riguardi di qualsiasi colpevole come abbiamo sempre e solo chiesto alla Magistratura la verit\u00e0, anche la pi\u00f9 scomoda, e la giustizia, la pi\u00f9 esemplare. Ecco perch\u00e9 oggi siamo indignati e non accettiamo giudizi frettolosi e scorciatoie mediatiche di ogni tipo che alimentano solo odi, divisioni, immagini distorte.<br \/>Consideriamo essenziale il ruolo dei mass media nelle vicende delittuose di ogni tipo e nei processi di crescita delle sensibilit\u00e0 civili, soprattutto nel nostro Mezzogiorno; ecco perch\u00e9 rivendichiamo giudizi e letture equilibrate e giuste. Servono inchieste vere e non gi\u00e0 scoop ad orologeria o, peggio ancora, a richiesta. \u00a0Su ogni evento citato da Repubblica, ivi compresi quelli estranei alla comunit\u00e0 potentina, la nostra posizione senza tentennamenti e senza protagonismi \u00e8 stata quella della ferma condanna del reato e della richiesta alla Magistratura di conoscere la verit\u00e0. Chiediamo anzi che anche laddove vengono espressi dubbi sull\u2019azione della stessa Magistratura, vi sia chiarezza, perch\u00e9 noi vogliamo verit\u00e0 e certezza di Istituzioni e di diritto. Il tema del femminicidio \u00e8 stato trattato a Potenza, quasi in solitudine, come in nessuna parte d\u2019Italia, cos\u00ec come la condanna di ogni atto di violenza a minori o al bene pubblico. Invitiamo a Potenza, ospite del Sindaco, il giornalista di Repubblica che ha redatto l\u2019articolo, Attilio Bolzoni per conoscerci meglio,\u00a0 parlare con tutti per avere ogni cognizione di causa, e per comprendere che quell\u2019altitudine e quella collocazione geografica sono per noi motivi di orgoglio, come motivo di orgoglio \u00e8 la nostra storia, millenaria, centrata sulla lotta per la libert\u00e0 e democrazia, purtroppo poco conosciuta in un Paese dalle storie ufficiali e non reali. Umilmente vorremmo far conoscere ci\u00f2 al nostro Paese.<br \/>La citt\u00e0 che ha saputo risorgere dopo l\u2019ennesimo terremoto con la sua forza e la sua dignit\u00e0 non si lascer\u00e0 intimidire da quanti, per motivi che non appartengono alla costruzione del nostro futuro e del bene comune, anche essi tutti da chiarire, puntualmente avvalorano la tesi di una Citt\u00e0 e di una Basilicata in noir ad ogni costo. Nel contempo abbiamo piena consapevolezza di dover continuare un percorso di crescita civile e del capitale sociale e di chiara condanna di ogni forma di reato e di abuso che possa interessare qualsiasi contesto, dalla scuola alla pubblica amministrazione.\u00a0 Potenza \u00a0ha bisogno s\u00ec di riscatto ma di riscatto dalla marginalit\u00e0, dalla mancanza di un disegno strategico per il Mezzogiorno, da una storia del Paese troppo squilibrata, dalla mancanza di occupazione e prospettive per i suoi giovani.\u201d<\/span><\/p>\n","protected":false},"excerpt":{"rendered":"<p>\u201cUna visione di citt\u00e0 che non meritiamo, lontana dalle vere sensibilit\u00e0 di una comunit\u00e0 che, come tutte, vive i tanti problemi e le tante contraddizioni &#8230; <\/p>\n","protected":false},"author":1,"featured_media":0,"comment_status":"closed","ping_status":"closed","sticky":false,"template":"single-sidebar.php","format":"standard","meta":{"footnotes":""},"categories":[63],"tags":[],"class_list":["post-5051","post","type-post","status-publish","format-standard","hentry","category-news"],"_links":{"self":[{"href":"https:\/\/archivio.comune.potenza.it\/index.php?rest_route=\/wp\/v2\/posts\/5051"}],"collection":[{"href":"https:\/\/archivio.comune.potenza.it\/index.php?rest_route=\/wp\/v2\/posts"}],"about":[{"href":"https:\/\/archivio.comune.potenza.it\/index.php?rest_route=\/wp\/v2\/types\/post"}],"author":[{"embeddable":true,"href":"https:\/\/archivio.comune.potenza.it\/index.php?rest_route=\/wp\/v2\/users\/1"}],"replies":[{"embeddable":true,"href":"https:\/\/archivio.comune.potenza.it\/index.php?rest_route=%2Fwp%2Fv2%2Fcomments&post=5051"}],"version-history":[{"count":0,"href":"https:\/\/archivio.comune.potenza.it\/index.php?rest_route=\/wp\/v2\/posts\/5051\/revisions"}],"wp:attachment":[{"href":"https:\/\/archivio.comune.potenza.it\/index.php?rest_route=%2Fwp%2Fv2%2Fmedia&parent=5051"}],"wp:term":[{"taxonomy":"category","embeddable":true,"href":"https:\/\/archivio.comune.potenza.it\/index.php?rest_route=%2Fwp%2Fv2%2Fcategories&post=5051"},{"taxonomy":"post_tag","embeddable":true,"href":"https:\/\/archivio.comune.potenza.it\/index.php?rest_route=%2Fwp%2Fv2%2Ftags&post=5051"}],"curies":[{"name":"wp","href":"https:\/\/api.w.org\/{rel}","templated":true}]}}