{"id":5055,"date":"2012-04-29T15:48:59","date_gmt":"2012-04-29T13:48:59","guid":{"rendered":"http:\/\/archivio.comune.potenza.it\/comune_wp\/?p=5055"},"modified":"2012-04-29T15:48:59","modified_gmt":"2012-04-29T13:48:59","slug":"molinari-su-terminal-bus-piazza-zara-e-pullman-extraurbani","status":"publish","type":"post","link":"https:\/\/archivio.comune.potenza.it\/?p=5055","title":{"rendered":"Molinari su terminal bus Piazza Zara e pullman extraurbani"},"content":{"rendered":"<p class=\"s4\" style=\"margin-top: 0px; margin-bottom: 0px;\"><span style=\"font-size: small;\"><span class=\"s3\" style=\"text-align: justify; line-height: 14px;\">\u201cAll\u2019in<\/span><span class=\"s3\" style=\"text-align: justify; line-height: 14px;\">i<\/span><span class=\"s3\" style=\"text-align: justify; line-height: 14px;\">zio di dicembre scorso la giunta comunale ha appr<\/span><span class=\"s3\" style=\"text-align: justify; line-height: 14px;\">o<\/span><span class=\"s3\" style=\"text-align: justify; line-height: 14px;\">vato una delibera che fissava<\/span><span class=\"s3\" style=\"text-align: justify; line-height: 14px;\"> in breve tempo il trasferimento<\/span><span class=\"s3\" style=\"text-align: justify; line-height: 14px;\"> del terminal bus da via Zara al parcheggio della Regione. <\/span><span class=\"s3\" style=\"text-align: justify; line-height: 14px;\">I <\/span><span class=\"s3\" style=\"text-align: justify; line-height: 14px;\">residenti della zona<\/span><span class=\"s3\" style=\"text-align: justify; line-height: 14px;\">, <\/span><span class=\"s3\" style=\"text-align: justify; line-height: 14px;\">infatti, sono stanchi<\/span><span class=\"s3\" style=\"text-align: justify; line-height: 14px;\"> di dover sopportare il<\/span><span class=\"s3\" style=\"text-align: justify; line-height: 14px;\"> rumore<\/span><span class=\"s3\" style=\"text-align: justify; line-height: 14px;\"> di motori,<\/span><span class=\"s3\" style=\"text-align: justify; line-height: 14px;\"> lo<\/span><span class=\"s3\" style=\"text-align: justify; line-height: 14px;\"> smog e<\/span><span class=\"s3\" style=\"text-align: justify; line-height: 14px;\"> la normale confusione dei viagg<\/span><span class=\"s3\" style=\"text-align: justify; line-height: 14px;\">iatori di ritorno o in partenza. Per questo av<\/span><span class=\"s3\" style=\"text-align: justify; line-height: 14px;\">evano chies<\/span><span class=\"s3\" style=\"text-align: justify; line-height: 14px;\">to <\/span><span class=\"s3\" style=\"text-align: justify; line-height: 14px;\">di far sostare altrove i pullma<\/span><span class=\"s3\" style=\"text-align: justify; line-height: 14px;\">n<\/span><span class=\"s3\" style=\"text-align: justify; line-height: 14px;\"> extraurbani<\/span><span class=\"s3\" style=\"text-align: justify; line-height: 14px;\">. C<\/span><span class=\"s3\" style=\"text-align: justify; line-height: 14px;\">os\u00ec <\/span><span class=\"s3\" style=\"text-align: justify; line-height: 14px;\">l\u2019amministrazione ha fatto<\/span><span class=\"s3\" style=\"text-align: justify; line-height: 14px;\"> un\u2019al<\/span><span class=\"s3\" style=\"text-align: justify; line-height: 14px;\">tra promessa ancora non mantenuta<\/span><span class=\"s3\" style=\"text-align: justify; line-height: 14px;\"> che<\/span><span class=\"s3\" style=\"text-align: justify; line-height: 14px;\"> di<\/span><span class=\"s3\" style=\"text-align: justify; line-height: 14px;\">mostra l\u2019incertezza e l\u2019approssimazione con la quale si muove l\u2019ammi<\/span><span class=\"s3\" style=\"text-align: justify; line-height: 14px;\">nistrazione comunale<\/span><span class=\"s3\" style=\"text-align: justify; line-height: 14px;\"> di fronte alle emergenze.<\/span><span class=\"s3\" style=\"text-align: justify; line-height: 14px;\"> <\/span><span class=\"s3\" style=\"text-align: justify; line-height: 14px;\">In commissione<\/span><span class=\"s3\" style=\"text-align: justify; line-height: 14px;\">, inoltre,<\/span><span class=\"s3\" style=\"text-align: justify; line-height: 14px;\"> era stato deciso l\u2019insedia<\/span><span class=\"s3\" style=\"text-align: justify; line-height: 14px;\">mento di un tavolo tecnico tra Comune e Provincia di Potenza<\/span><span class=\"s3\" style=\"text-align: justify; line-height: 14px;\"> per ridefinire<\/span><span class=\"s3\" style=\"text-align: justify; line-height: 14px;\"> i nuovi percorsi dei circa<\/span><span class=\"s3\" style=\"text-align: justify; line-height: 14px;\"> 400 autobus extraurbani<\/span><span class=\"s3\" style=\"text-align: justify; line-height: 14px;\"> <\/span><span class=\"s3\" style=\"text-align: justify; line-height: 14px;\">ma ad oggi i tragitti dei pullman non sono cambiati<\/span><span class=\"s3\" style=\"text-align: justify; line-height: 14px;\">\u201d.<\/span><span class=\"s3\" style=\"text-align: justify; line-height: 14px;\">Lo afferma il consigliere comunale di Potenza Giuseppe Molinari riporta<\/span><span class=\"s3\" style=\"text-align: justify; line-height: 14px;\">ndo<\/span><span class=\"s3\" style=\"text-align: justify; line-height: 14px;\">all\u2019attenzione <\/span><span class=\"s3\" style=\"text-align: justify; line-height: 14px;\">\u201c<\/span><span class=\"s3\" style=\"text-align: justify; line-height: 14px;\">una delle problematiche pi\u00f9 sentite dai cittadini che vivono o frequentano il capoluogo di regione<\/span><span class=\"s3\" style=\"text-align: justify; line-height: 14px;\"> e <\/span><span class=\"s3\" style=\"text-align: justify; line-height: 14px;\">che <\/span><span class=\"s3\" style=\"text-align: justify; line-height: 14px;\">spesso sono c<\/span><span class=\"s3\" style=\"text-align: justify; line-height: 14px;\">ostretti a restare imbottigliati<\/span><span class=\"s3\" style=\"text-align: justify; line-height: 14px;\"> nel traffico a causa della presenza di pullman extraurb<\/span><span class=\"s3\" style=\"text-align: justify; line-height: 14px;\">ani<\/span><span class=\"s3\" style=\"text-align: justify; line-height: 14px;\">.<\/span><span class=\"s3\" style=\"text-align: justify; line-height: 14px;\"> A tal proposito<\/span><span class=\"s3\" style=\"text-align: justify; line-height: 14px;\"> <\/span><span class=\"s3\" style=\"text-align: justify; line-height: 14px;\">bisogna anche evidenziare i ritardi per il completamento dei parcheggi in Via dell\u2019Unicef. La fine dei lavori, infatti, era prevista<\/span><span class=\"s3\" style=\"text-align: justify; line-height: 14px;\"> <\/span><span class=\"s3\" style=\"text-align: justify; line-height: 14px;\">a<\/span><span class=\"s3\" style=\"text-align: justify; line-height: 14px;\"> dicembre 2010<\/span><span class=\"s3\" style=\"text-align: justify; line-height: 14px;\">. Se i lavori per i parcheggi, <\/span><span class=\"s3\" style=\"text-align: justify; line-height: 14px;\">vicini all\u2019ingresso delle scale mobili di Santa Lucia<\/span><span class=\"s3\" style=\"text-align: justify; line-height: 14px;\">,<\/span><span class=\"s3\" style=\"text-align: justify; line-height: 14px;\"> fossero completati<\/span><span class=\"s3\" style=\"text-align: justify; line-height: 14px;\"> <\/span><span class=\"s3\" style=\"text-align: justify; line-height: 14px;\">vi <\/span><span class=\"s3\" style=\"text-align: justify; line-height: 14px;\">si potrebbe real<\/span><span class=\"s3\" style=\"text-align: justify; line-height: 14px;\">izzare un interscambio tra trasp<\/span><span class=\"s3\" style=\"text-align: justify; line-height: 14px;\">orto su gomma e trasporto<\/span><span class=\"s3\" style=\"text-align: justify; line-height: 14px;\"> meccanizzato.<\/span><span class=\"s3\" style=\"text-align: justify; line-height: 14px;\"> <\/span><span class=\"s3\" style=\"text-align: justify; line-height: 14px;\">Altra <\/span><span class=\"s3\" style=\"text-align: justify; line-height: 14px;\">zona che potrebbe rappresentare un buon punto di sosta \u00e8 quella in Viale del Basento dove, per\u00f2, non si capisce ancora perch\u00e9 non \u00e8 stato aperto il collegamento con la stazione di Potenza centrale, nono<\/span><span class=\"s3\" style=\"text-align: justify; line-height: 14px;\">stante i lavori sembra siano <\/span><span class=\"s3\" style=\"text-align: justify; line-height: 14px;\">ultimati. Sono questi due esempi che<\/span><span class=\"s3\" style=\"text-align: justify; line-height: 14px;\">,<\/span><span class=\"s3\" style=\"text-align: justify; line-height: 14px;\"> se ci fosse una reale volont\u00e0 amministrativa<\/span><span class=\"s3\" style=\"text-align: justify; line-height: 14px;\"> a ris<\/span><span class=\"s3\" style=\"text-align: justify; line-height: 14px;\">olvere <\/span><span class=\"s3\" style=\"text-align: justify; line-height: 14px;\">il problema in questione, potrebbero gi<\/span><span class=\"s3\" style=\"text-align: justify; line-height: 14px;\">\u00e0 in parte alleg<\/span><span class=\"s3\" style=\"text-align: justify; line-height: 14px;\">gerire il traffico dei pullman<\/span><span class=\"s3\" style=\"text-align: justify; line-height: 14px;\"> in citt\u00e0. Come opposizione <\/span><span class=\"s3\" style=\"text-align: justify; line-height: 14px;\">\u2013continua Molinari- <\/span><span class=\"s3\" style=\"text-align: justify; line-height: 14px;\">abbiamo <\/span><span class=\"s3\" style=\"text-align: justify; line-height: 14px;\">sempre proposto di realizzare<\/span><span class=\"s3\" style=\"text-align: justify; line-height: 14px;\"> <\/span><span class=\"s3\" style=\"text-align: justify; line-height: 14px;\">per i<\/span><span class=\"s3\" style=\"text-align: justify; line-height: 14px;\"> pullman extr<\/span><span class=\"s3\" style=\"text-align: justify; line-height: 14px;\">aurbani che arrivano dall\u2019area n<\/span><span class=\"s3\" style=\"text-align: justify; line-height: 14px;\">ord<\/span><span class=\"s3\" style=\"text-align: justify; line-height: 14px;\"> della Basilicata<\/span><span class=\"s3\" style=\"text-align: justify; line-height: 14px;\"> un <\/span><span class=\"s3\" style=\"text-align: justify; line-height: 14px;\">terminal<\/span><span class=\"s3\" style=\"text-align: justify; line-height: 14px;\"> bus<\/span><span class=\"s3\" style=\"text-align: justify; line-height: 14px;\"> a<\/span><span class=\"s3\" style=\"text-align: justify; line-height: 14px;\"> contrada<\/span><span class=\"s3\" style=\"text-align: justify; line-height: 14px;\"> Lavangone<\/span><span class=\"s3\" style=\"text-align: justify; line-height: 14px;\"> da dove i passeggeri potrebbero <\/span><span class=\"s3\" style=\"text-align: justify; line-height: 14px;\">prendere <\/span><span class=\"s3\" style=\"text-align: justify; line-height: 14px;\">la<\/span><span class=\"s3\" style=\"text-align: justify; line-height: 14px;\"> metropolitana<\/span><span class=\"s3\" style=\"text-align: justify; line-height: 14px;\"> e arrivare in citt\u00e0<\/span><span class=\"s3\" style=\"text-align: justify; line-height: 14px;\"> <\/span><span class=\"s3\" style=\"text-align: justify; line-height: 14px;\">mentre<\/span><span class=\"s3\" style=\"text-align: justify; line-height: 14px;\"> per <\/span><span class=\"s3\" style=\"text-align: justify; line-height: 14px;\">i pullman che arrivano dal<\/span><span class=\"s3\" style=\"text-align: justify; line-height: 14px;\">l\u2019area s<\/span><span class=\"s3\" style=\"text-align: justify; line-height: 14px;\">ud <\/span><span class=\"s3\" style=\"text-align: justify; line-height: 14px;\">della regione <\/span><span class=\"s3\" style=\"text-align: justify; line-height: 14px;\">la soluzione pu\u00f2 essere quella di utilizzare come<\/span><span class=\"s3\" style=\"text-align: justify; line-height: 14px;\"> terminal <\/span><span class=\"s3\" style=\"text-align: justify; line-height: 14px;\">bus la zona<\/span><span class=\"s3\" style=\"text-align: justify; line-height: 14px;\"> <\/span><span class=\"s3\" style=\"text-align: justify; line-height: 14px;\">di <\/span><span class=\"s3\" style=\"text-align: justify; line-height: 14px;\">rione <\/span><span class=\"s3\" style=\"text-align: justify; line-height: 14px;\">di Betlemme<\/span><span class=\"s3\" style=\"text-align: justify; line-height: 14px;\">, <\/span><span class=\"s3\" style=\"text-align: justify; line-height: 14px;\">di fronte alla Sita<\/span><span class=\"s3\" style=\"text-align: justify; line-height: 14px;\">\u201d<\/span><span class=\"s3\" style=\"text-align: justify; line-height: 14px;\">.<\/span><\/span><\/p>\n<p class=\"s5\" style=\"margin-top: 0px; margin-bottom: 0px; line-height: 21px;\"><span style=\"line-height: 21px;\"><span style=\"font-size: small;\"> <\/span><\/span><\/p>\n<p class=\"s5\" style=\"margin-top: 0px; margin-bottom: 0px; line-height: 21px;\"><span style=\"line-height: 21px;\"><span style=\"font-size: small;\"><span style=\"font-size: small;\"> <\/span><\/span><\/span><\/p>\n<p class=\"s5\" style=\"margin-top: 0px; margin-bottom: 0px; line-height: 21px;\"><span style=\"font-size: small;\"><span style=\"font-size: small;\"><span class=\"s3\" style=\"line-height: 14px;\">Secondo Molinari \u201cle nostre strade<\/span><span class=\"s3\" style=\"line-height: 14px;\">,<\/span><span class=\"s3\" style=\"line-height: 14px;\"> soprattutto quelle del centro storico e delle zone ad esso limitrofe<\/span><span class=\"s3\" style=\"line-height: 14px;\">,<\/span><span class=\"s3\" style=\"line-height: 14px;\"> quando sono state realizzate non <\/span><span class=\"s3\" style=\"line-height: 14px;\">dovevano<\/span><span class=\"s3\" style=\"line-height: 14px;\"> sopportare lo stesso <\/span><span class=\"s3\" style=\"line-height: 14px;\">traffico veicolare che<\/span><span class=\"s3\" style=\"line-height: 14px;\">,<\/span><span class=\"s3\" style=\"line-height: 14px;\"> invece<\/span><span class=\"s3\" style=\"line-height: 14px;\">,<\/span><span class=\"s3\" style=\"line-height: 14px;\"> si registra oggi. Anche <\/span><span class=\"s3\" style=\"line-height: 14px;\">per questo sono spesso dissestate e la loro situazione \u00e8 aggravata certamente con<\/span><span class=\"s3\" style=\"line-height: 14px;\"> il<\/span><span class=\"s3\" style=\"line-height: 14px;\"> passaggio dei pullman<\/span><span class=\"s3\" style=\"line-height: 14px;\">. <\/span><span class=\"s3\" style=\"line-height: 14px;\">Bisogna passare<\/span><span class=\"s3\" style=\"line-height: 14px;\"> <\/span><span class=\"s3\" style=\"line-height: 14px;\">\u2013conclude- <\/span><span class=\"s3\" style=\"line-height: 14px;\">dalla logica della propaganda e degli annunci a quella dei fatti!\u201d<\/span><span class=\"s3\" style=\"line-height: 14px;\">.<\/span><\/span><\/span><\/p>\n","protected":false},"excerpt":{"rendered":"<p>\u201cAll\u2019inizio di dicembre scorso la giunta comunale ha approvato una delibera che fissava in breve tempo il trasferimento del terminal bus da via Zara al &#8230; <\/p>\n","protected":false},"author":1,"featured_media":0,"comment_status":"closed","ping_status":"closed","sticky":false,"template":"single-sidebar.php","format":"standard","meta":{"footnotes":""},"categories":[63],"tags":[],"class_list":["post-5055","post","type-post","status-publish","format-standard","hentry","category-news"],"_links":{"self":[{"href":"https:\/\/archivio.comune.potenza.it\/index.php?rest_route=\/wp\/v2\/posts\/5055"}],"collection":[{"href":"https:\/\/archivio.comune.potenza.it\/index.php?rest_route=\/wp\/v2\/posts"}],"about":[{"href":"https:\/\/archivio.comune.potenza.it\/index.php?rest_route=\/wp\/v2\/types\/post"}],"author":[{"embeddable":true,"href":"https:\/\/archivio.comune.potenza.it\/index.php?rest_route=\/wp\/v2\/users\/1"}],"replies":[{"embeddable":true,"href":"https:\/\/archivio.comune.potenza.it\/index.php?rest_route=%2Fwp%2Fv2%2Fcomments&post=5055"}],"version-history":[{"count":0,"href":"https:\/\/archivio.comune.potenza.it\/index.php?rest_route=\/wp\/v2\/posts\/5055\/revisions"}],"wp:attachment":[{"href":"https:\/\/archivio.comune.potenza.it\/index.php?rest_route=%2Fwp%2Fv2%2Fmedia&parent=5055"}],"wp:term":[{"taxonomy":"category","embeddable":true,"href":"https:\/\/archivio.comune.potenza.it\/index.php?rest_route=%2Fwp%2Fv2%2Fcategories&post=5055"},{"taxonomy":"post_tag","embeddable":true,"href":"https:\/\/archivio.comune.potenza.it\/index.php?rest_route=%2Fwp%2Fv2%2Ftags&post=5055"}],"curies":[{"name":"wp","href":"https:\/\/api.w.org\/{rel}","templated":true}]}}