{"id":5067,"date":"2012-04-30T16:13:16","date_gmt":"2012-04-30T14:13:16","guid":{"rendered":"http:\/\/archivio.comune.potenza.it\/comune_wp\/?p=5067"},"modified":"2012-04-30T16:13:16","modified_gmt":"2012-04-30T14:13:16","slug":"piazza-prefetturasopralluogo-al-cantiere","status":"publish","type":"post","link":"https:\/\/archivio.comune.potenza.it\/?p=5067","title":{"rendered":"Piazza Prefettura:sopralluogo al cantiere"},"content":{"rendered":"<p><img decoding=\"async\" src=\"multimediali\/immagini\/News\/2012\/04\/render.jpg\" border=\"0\" style=\"float: left; margin: 10px;\" \/>\u201cLa fase pi\u00f9 delicata che ha riguardato la verifica del sottosuolo per la ricerca sia di impianti sia di eventuali emergenze di carattere storico\u00a0 o archeologico ha dato risultati tali da poter continuare speditamente con i lavori. Contiamo di rispettare i tempi contrattuali\u00a0 e restituire alla citt\u00e0 la sua piazza riqualificata.\u201c<br \/>Cos\u00ec il Sindaco di Potenza, Vito Santarsiero e l\u2019assessore ai lavori pubblici Clementina La Sala , al termine del sopralluogo sul cantiere per la realizzazione della nuova Piazza Prefettura svoltosi alla presenza dell\u2019architetto Maroscia e dei tecnici degli Uffici comunali.<br \/>\u201cNon \u00e8 emerso nulla \u2013ha detto l\u2019architetto Maroscia- dal punto di vista archeologico, storico o per quanto riguarda la storia antica della piazza. La Sovrintendenza ha monitorato l\u2019area ed \u00e8 stata informata puntualmente. \u201d<br \/>Mercoled\u00ec dunque riprendono a pieno ritmo \u00a0i lavori e gi\u00e0 il 13 maggio prossimo saranno messe a dimora le piante con esperti del settore.<br \/>Nel corso del sopralluogo visionato il sito e le buche effettuate per controllare la parte sottostante la piazza, ove sono visibili blocchi di cemento che in pi\u00f9 periodi sono stati utilizzati e pietrame di vario tipo.<img decoding=\"async\" src=\"multimediali\/immagini\/News\/2012\/04\/sopralluogo.jpg\" border=\"0\" style=\"float: left; margin: 10px;\" \/><br \/>Intanto sar\u00e0 allargata l\u2019area del cantiere sia verso Via Pretoria che verso le due aree laterali \u00a0per consentire di realizzare la piattaforma di base su cui sar\u00e0 impiantata la nuova pavimentazione. La stessa area cantiere sar\u00e0 arretrata nuovamente per le festivit\u00e0 del santo patrono. In merito ad alcune polemiche che contestavano la mancanza della tabella informativa sui lavori, il Sindaco ha potuto constatare che essa esiste ed \u00e8 posizionata nella parte laterale fronte Prefettura. In ogni caso, per meglio renderla visibile, sar\u00e0 spostata lato via Pretoria.<\/p>\n","protected":false},"excerpt":{"rendered":"<p>\u201cLa fase pi\u00f9 delicata che ha riguardato la verifica del sottosuolo per la ricerca sia di impianti sia di eventuali emergenze di carattere storico\u00a0 o &#8230; <\/p>\n","protected":false},"author":1,"featured_media":0,"comment_status":"closed","ping_status":"closed","sticky":false,"template":"single-sidebar.php","format":"standard","meta":{"footnotes":""},"categories":[63],"tags":[],"class_list":["post-5067","post","type-post","status-publish","format-standard","hentry","category-news"],"_links":{"self":[{"href":"https:\/\/archivio.comune.potenza.it\/index.php?rest_route=\/wp\/v2\/posts\/5067"}],"collection":[{"href":"https:\/\/archivio.comune.potenza.it\/index.php?rest_route=\/wp\/v2\/posts"}],"about":[{"href":"https:\/\/archivio.comune.potenza.it\/index.php?rest_route=\/wp\/v2\/types\/post"}],"author":[{"embeddable":true,"href":"https:\/\/archivio.comune.potenza.it\/index.php?rest_route=\/wp\/v2\/users\/1"}],"replies":[{"embeddable":true,"href":"https:\/\/archivio.comune.potenza.it\/index.php?rest_route=%2Fwp%2Fv2%2Fcomments&post=5067"}],"version-history":[{"count":0,"href":"https:\/\/archivio.comune.potenza.it\/index.php?rest_route=\/wp\/v2\/posts\/5067\/revisions"}],"wp:attachment":[{"href":"https:\/\/archivio.comune.potenza.it\/index.php?rest_route=%2Fwp%2Fv2%2Fmedia&parent=5067"}],"wp:term":[{"taxonomy":"category","embeddable":true,"href":"https:\/\/archivio.comune.potenza.it\/index.php?rest_route=%2Fwp%2Fv2%2Fcategories&post=5067"},{"taxonomy":"post_tag","embeddable":true,"href":"https:\/\/archivio.comune.potenza.it\/index.php?rest_route=%2Fwp%2Fv2%2Ftags&post=5067"}],"curies":[{"name":"wp","href":"https:\/\/api.w.org\/{rel}","templated":true}]}}