{"id":5079,"date":"2012-05-03T10:30:13","date_gmt":"2012-05-03T08:30:13","guid":{"rendered":"http:\/\/archivio.comune.potenza.it\/comune_wp\/?p=5079"},"modified":"2012-05-03T10:30:13","modified_gmt":"2012-05-03T08:30:13","slug":"imbesi-pdlperche-ho-votato-no-al-bilancio-consuntivo","status":"publish","type":"post","link":"https:\/\/archivio.comune.potenza.it\/?p=5079","title":{"rendered":"Imbesi (PDL):perch\u00e8 ho votato no al bilancio consuntivo"},"content":{"rendered":"<p style=\"margin: 0cm; margin-bottom: .0001pt; text-align: justify;\">Il Consigliere al Comune di Potenza, Antonino Imbesi, ha comunicato i motivi del voto contrario espresso dal proprio gruppo consiliare sul bilancio consuntivo 2011 del Municipio capoluogo.\u201cIl rendiconto consuntivo dell\u2019anno 2011 chiude con un disavanzo di gestione piuttosto importante pari ad un 1.104.000 euro circa\u2013 ha sottolineato Imbesi \u2013\u00a0e gi\u00e0 questo giustificherebbe ampiamente il no espresso in aula di Consiglio. Purtroppo, per\u00f2, devo lamentare altre notevoli carenze verificatesi durante la seduta consiliare quali la mancanza della consegna dei Peg dei vari settori comunali, la inesistenza del deposito dei bilanci (ancora in corso di approvazione) delle aziende interamente partecipate da parte del Comune (Acta e SAT) nonch\u00e9 la presenza di residui attivi oltremodo difficili da incassare per il presente e per il futuro di oltre 48.000.000 di euro. &#8220;Imbesi ha rimarcato anche che le spese correnti del Comune di Potenza sono cresciute negli ultimi 2 anni di circa 4.000.000, cosa che crea evidenti difficolt\u00e0 di cassa per una amministrazione oberata di debiti quale \u00e8 il Municipio capoluogo di regione.&#8221;Non bisogna, poi, dimenticare che persino i Revisori contabili del Municipio hanno rilevato come non sia stata ancora adottata la relazione annuale richiesta dalla Corte dei Conti sul contenimento delle spese nonch\u00e9 nemmeno predisposta quella sul controllo di gestione necessaria ex art.198 del Testo Unico 267\/2000\u00a0\u2013 ha continuato il Consigliere Municipale.\u00a0Va, inoltre, sottolineato come il rendiconto consuntivo 2011 si discosti in maniera abnorme dal bilancio preventivo in 3 dei 6 titoli delle entrate (con variazioni percentuali tra il 42 ed il 72%) ed in 3 dei 4 titoli delle spese (con variazioni dal 69 al 95%) a dimostrazione di una evidente incapacit\u00e0 programmatoria dell\u2019Ente.\u201d<\/p>\n<p style=\"margin-top: 0cm; margin-right: 0cm; margin-left: 0cm; margin-bottom: 0.0001pt; text-align: justify;\"><span>Imbesi ha evidenziato come anche il settore dei lavori pubblici mostri notevolissime pecche e ritardi abissali. &#8220;Nel piano triennale delle opere pubbliche\u2013 ha indicato il Consigliere \u2013\u00a0\u00a0sono ancora indicate n.3 opere del 2002, n.1 del 2003, n.1 del 2004, n.3 del 2005, n.9 del 2006, n.5 del 2007, n.7 del 2008, n.9 del 2009 e n.18 del 2010 e n.25 del 2011: ebbene di tutte queste opere solo il 30% risulta ultimato mentre il buon 40% \u00e8 ancora a livello di progetto iniziale! Insomma anche in questo caso si deve rilevare almeno la lentezza assoluta nel procedere nell\u2019attuazione dei lavori decisi per questa citt\u00e0 .\u201dImbesi ha infine fatto rilevare che in molti capitoli di bilancio esistono spese superflue che sarebbe necessario tagliare per razionalizzare i costi e, conseguentemente, poter ridurre il carico delle tasse locali sui cittadini (cresciuto nell\u2019ultimo anno per quanto riguarda la pressione tributaria di circa il 67%).&#8221;Io ed il Collega Picerno abbiamo richiesto con forza che vengano adottati tutti i provvedimenti necessari a consentire al Comune tutti i risparmi di cassa possibili quali, ad esempio, quello sui fitti passivi pagati\u2013 ha chiuso Imbes. \u00a0Infatti abbiamo scoperto grazie ad una interrogazione a firma congiunta dello scorso 28 marzo che, per esempio, il nostro Municipio paga per circa 500 mq di superficie ben 66.000 Euro di fitto annuali dal 2004 per i locali dell\u2019archivio comunale, siti in contrada Riofreddo e per giunta lontanissimi dalla citt\u00e0.Un vero spreco tenuto conto che si tratta di locali magazzino che con la stessa spesa, nel medesimo intervallo di tempo dei ben 9 anni trascorsi, potevano persino essere acquistati! Per non parlare, poi, della possibilit\u00e0 di usufruire di qualcuno dei tanti locali gi\u00e0 di propriet\u00e0 del Municipio che potevano essere utilizzati all\u2019uopo.\u201d<\/span><\/p>\n","protected":false},"excerpt":{"rendered":"<p>Il Consigliere al Comune di Potenza, Antonino Imbesi, ha comunicato i motivi del voto contrario espresso dal proprio gruppo consiliare sul bilancio consuntivo 2011 del &#8230; <\/p>\n","protected":false},"author":1,"featured_media":0,"comment_status":"closed","ping_status":"closed","sticky":false,"template":"single-sidebar.php","format":"standard","meta":{"footnotes":""},"categories":[63],"tags":[],"class_list":["post-5079","post","type-post","status-publish","format-standard","hentry","category-news"],"_links":{"self":[{"href":"https:\/\/archivio.comune.potenza.it\/index.php?rest_route=\/wp\/v2\/posts\/5079"}],"collection":[{"href":"https:\/\/archivio.comune.potenza.it\/index.php?rest_route=\/wp\/v2\/posts"}],"about":[{"href":"https:\/\/archivio.comune.potenza.it\/index.php?rest_route=\/wp\/v2\/types\/post"}],"author":[{"embeddable":true,"href":"https:\/\/archivio.comune.potenza.it\/index.php?rest_route=\/wp\/v2\/users\/1"}],"replies":[{"embeddable":true,"href":"https:\/\/archivio.comune.potenza.it\/index.php?rest_route=%2Fwp%2Fv2%2Fcomments&post=5079"}],"version-history":[{"count":0,"href":"https:\/\/archivio.comune.potenza.it\/index.php?rest_route=\/wp\/v2\/posts\/5079\/revisions"}],"wp:attachment":[{"href":"https:\/\/archivio.comune.potenza.it\/index.php?rest_route=%2Fwp%2Fv2%2Fmedia&parent=5079"}],"wp:term":[{"taxonomy":"category","embeddable":true,"href":"https:\/\/archivio.comune.potenza.it\/index.php?rest_route=%2Fwp%2Fv2%2Fcategories&post=5079"},{"taxonomy":"post_tag","embeddable":true,"href":"https:\/\/archivio.comune.potenza.it\/index.php?rest_route=%2Fwp%2Fv2%2Ftags&post=5079"}],"curies":[{"name":"wp","href":"https:\/\/api.w.org\/{rel}","templated":true}]}}