{"id":5080,"date":"2012-05-03T10:35:39","date_gmt":"2012-05-03T08:35:39","guid":{"rendered":"http:\/\/archivio.comune.potenza.it\/comune_wp\/?p=5080"},"modified":"2012-05-03T10:35:39","modified_gmt":"2012-05-03T08:35:39","slug":"carretta-pd-su-approvazione-bilancio-consuntivo-5745","status":"publish","type":"post","link":"https:\/\/archivio.comune.potenza.it\/?p=5080","title":{"rendered":"Carretta (PD) su approvazione bilancio consuntivo"},"content":{"rendered":"<p style=\"text-align: justify;\"><span style=\"font-size: small;\">&#8220;Il Rendiconto di gestione dell\u2019Esercizio finanziario 2011 \u00e8 stato approvato a maggioranza, grazie all\u2019azione politico-amministrativa del Sindaco e della maggioranza di centro-sinistra che lo sostiene.&#8221; Lo sostiene il capogruppo del PD, Gianpaolo Carretta il quale aggiunge che &#8220;l\u2019Amministrazione, pur chiudendo con un disavanzo di un milione e centomila euro, dovuto sia ai tagli diretti che a quelli indiretti, ha, con grande soddisfazione, rispettato il Patto di stabilit\u00e0 e trasformato l\u2019incidenza dei residui attivi e dei residui passivi sul totale della spesa corrente dal 195%, nel 2006, al 106% nel 2011, con la prospettiva che si possa giungere sotto il 100% nel prossimo anno.Nonostante la situazione di difficolt\u00e0 macroeconomica, dovuta anche ai tagli strutturali fatti dal Governo nazionale agli Enti locali ed al Comune di Potenza, possiamo senza dubbio affermare che la nostra \u00e8 un\u2019Amministrazione efficiente, che ha saputo e continuer\u00e0 a saper operare per la riduzione del proprio debito strutturale.Il progetto strategico che ci siamo prefissati, quello del risanamento del debito strutturale, \u00e8 impegnativo e lascia pochi spazi di manovra alla spesa corrente, anche con disagi per la comunit\u00e0, che comprendiamo, ma che sono il prezzo da pagare per le politiche di risanamento dell\u2019ente, che guardano, sotto il profilo etico e politico, alle nuove generazioni.Ormai \u00e8 chiaro e risaputo che Potenza, quale capoluogo di Regione, \u00e8 una citt\u00e0 che eroga servizi ad una popolazione di gran lunga superiore a quella residente, per cui ha il diritto di rivendicare il ruolo di citt\u00e0 di servizi di alta qualit\u00e0, riconosciutole anche dalla Regione, e che, per l\u2019effetto, deve godere di un fondo strutturale ed annuale, che serve per l\u2019appunto a garantire tali servizi.Se ci sar\u00e0 una compattezza di intenti, una linearit\u00e0 di comportamenti ed una visione strategica chiara, &#8211; conclude Carretta- si potr\u00e0 vincere la sfida di un innalzamento della qualit\u00e0 dei servizi, programmando il futuro della nostra comunit\u00e0 ed aiutando la classe dirigente a disegnare il ruolo di Potenza nel prossimo ventennio.&#8221;<\/span><\/p>\n","protected":false},"excerpt":{"rendered":"<p>&#8220;Il Rendiconto di gestione dell\u2019Esercizio finanziario 2011 \u00e8 stato approvato a maggioranza, grazie all\u2019azione politico-amministrativa del Sindaco e della maggioranza di centro-sinistra che lo sostiene.&#8221; &#8230; <\/p>\n","protected":false},"author":1,"featured_media":0,"comment_status":"closed","ping_status":"closed","sticky":false,"template":"single-sidebar.php","format":"standard","meta":{"footnotes":""},"categories":[63],"tags":[],"class_list":["post-5080","post","type-post","status-publish","format-standard","hentry","category-news"],"_links":{"self":[{"href":"https:\/\/archivio.comune.potenza.it\/index.php?rest_route=\/wp\/v2\/posts\/5080"}],"collection":[{"href":"https:\/\/archivio.comune.potenza.it\/index.php?rest_route=\/wp\/v2\/posts"}],"about":[{"href":"https:\/\/archivio.comune.potenza.it\/index.php?rest_route=\/wp\/v2\/types\/post"}],"author":[{"embeddable":true,"href":"https:\/\/archivio.comune.potenza.it\/index.php?rest_route=\/wp\/v2\/users\/1"}],"replies":[{"embeddable":true,"href":"https:\/\/archivio.comune.potenza.it\/index.php?rest_route=%2Fwp%2Fv2%2Fcomments&post=5080"}],"version-history":[{"count":0,"href":"https:\/\/archivio.comune.potenza.it\/index.php?rest_route=\/wp\/v2\/posts\/5080\/revisions"}],"wp:attachment":[{"href":"https:\/\/archivio.comune.potenza.it\/index.php?rest_route=%2Fwp%2Fv2%2Fmedia&parent=5080"}],"wp:term":[{"taxonomy":"category","embeddable":true,"href":"https:\/\/archivio.comune.potenza.it\/index.php?rest_route=%2Fwp%2Fv2%2Fcategories&post=5080"},{"taxonomy":"post_tag","embeddable":true,"href":"https:\/\/archivio.comune.potenza.it\/index.php?rest_route=%2Fwp%2Fv2%2Ftags&post=5080"}],"curies":[{"name":"wp","href":"https:\/\/api.w.org\/{rel}","templated":true}]}}