{"id":5087,"date":"2012-05-03T16:35:33","date_gmt":"2012-05-03T14:35:33","guid":{"rendered":"http:\/\/archivio.comune.potenza.it\/comune_wp\/?p=5087"},"modified":"2012-05-03T16:35:33","modified_gmt":"2012-05-03T14:35:33","slug":"comitato-delle-regioni-santarsiero-salvato-il-5-di-quota-minima-per-le-citta","status":"publish","type":"post","link":"https:\/\/archivio.comune.potenza.it\/?p=5087","title":{"rendered":"Comitato delle Regioni. Santarsiero: salvato il 5% di quota minima per le citt\u00e0."},"content":{"rendered":"<p style=\"text-align: justify;\"><span style=\"font-size: small;\">Espresso \u00a0dal Comitato delle Regioni il parere sui nuovi regolamenti della politica di coesione 2014-2020. Nel corso della sessione plenaria sono stati discussi e approvati\u00a0 i pareri Marini e Schneider. Vito Santarsiero, membro del CDR, accompagnato a Bruxelles dal responsabile tecnico di ANCI nazionale per le politiche comunitarie, Francesco Monaco, ha dichiarato: \u201cCon l&#8217;approvazione di questi pareri si rafforza il ruolo delle citt\u00e0. Nel ciclo di programmazione 2014-2020 le aree urbane avranno un ruolo decisivo per lo sviluppo dei territori e per il raggiungimento degli obiettivi di Europa 2020\u201d. In merito al regolamento FESR, cuore delle politiche\u00a0 di coesione territoriale, Santarsiero ha puntualizzato: \u201cCon la stesura finale del parere abbiamo ottenuto un ottimo risultato. Grazie ai nostri emendamenti e alla nostra azione \u00e8 stato ripristinato il 5% di quota minima riservata alle citt\u00e0 e la possibilit\u00e0 di gestione diretta delle risorse, punti che erano stati annullati nel precedente parere della Commissione COTER a Lisbona. Altro punto fondamentale per le citt\u00e0 &#8211; ha continuato Santarsiero &#8211; \u00e8 rappresentato dalle norme sull&#8217;allargamento di una piattaforma urbana per lo sviluppo sostenibile, anch&#8217;essa soppressa nel parere COTER, per la quale si e&#8217; rinviata ogni decisione alla Commissione. Nel merito &#8211; conclude Santarsiero &#8211; l&#8217;ANCI chieder\u00e0 a breve alla Commissione Ue un incontro per tutelare un percorso che deve salvaguardare lo sviluppo omogeneo delle aree urbane europee e non gi\u00e0 aggregazioni gi\u00e0 operanti in Europa\u201d.<\/span><\/p>\n","protected":false},"excerpt":{"rendered":"<p>Espresso \u00a0dal Comitato delle Regioni il parere sui nuovi regolamenti della politica di coesione 2014-2020. Nel corso della sessione plenaria sono stati discussi e approvati\u00a0 &#8230; <\/p>\n","protected":false},"author":1,"featured_media":0,"comment_status":"closed","ping_status":"closed","sticky":false,"template":"single-sidebar.php","format":"standard","meta":{"footnotes":""},"categories":[63],"tags":[],"class_list":["post-5087","post","type-post","status-publish","format-standard","hentry","category-news"],"_links":{"self":[{"href":"https:\/\/archivio.comune.potenza.it\/index.php?rest_route=\/wp\/v2\/posts\/5087"}],"collection":[{"href":"https:\/\/archivio.comune.potenza.it\/index.php?rest_route=\/wp\/v2\/posts"}],"about":[{"href":"https:\/\/archivio.comune.potenza.it\/index.php?rest_route=\/wp\/v2\/types\/post"}],"author":[{"embeddable":true,"href":"https:\/\/archivio.comune.potenza.it\/index.php?rest_route=\/wp\/v2\/users\/1"}],"replies":[{"embeddable":true,"href":"https:\/\/archivio.comune.potenza.it\/index.php?rest_route=%2Fwp%2Fv2%2Fcomments&post=5087"}],"version-history":[{"count":0,"href":"https:\/\/archivio.comune.potenza.it\/index.php?rest_route=\/wp\/v2\/posts\/5087\/revisions"}],"wp:attachment":[{"href":"https:\/\/archivio.comune.potenza.it\/index.php?rest_route=%2Fwp%2Fv2%2Fmedia&parent=5087"}],"wp:term":[{"taxonomy":"category","embeddable":true,"href":"https:\/\/archivio.comune.potenza.it\/index.php?rest_route=%2Fwp%2Fv2%2Fcategories&post=5087"},{"taxonomy":"post_tag","embeddable":true,"href":"https:\/\/archivio.comune.potenza.it\/index.php?rest_route=%2Fwp%2Fv2%2Ftags&post=5087"}],"curies":[{"name":"wp","href":"https:\/\/api.w.org\/{rel}","templated":true}]}}