{"id":5090,"date":"2012-05-11T06:44:55","date_gmt":"2012-05-11T04:44:55","guid":{"rendered":"http:\/\/archivio.comune.potenza.it\/comune_wp\/?p=5090"},"modified":"2012-05-11T06:44:55","modified_gmt":"2012-05-11T04:44:55","slug":"11-maggio-2012-seminario-salvaguardia-dellambiente-ed-impresa-potenza","status":"publish","type":"post","link":"https:\/\/archivio.comune.potenza.it\/?p=5090","title":{"rendered":"11 maggio 2012 &#8211; Salvaguardia dell&#8217;ambiente ed impresa, Potenza"},"content":{"rendered":"<p><img decoding=\"async\" src=\"multimediali\/immagini\/Eventi_Manifestazioni\/2012\/05\/manifesti_seminario_ucid.jpg\" border=\"0\" style=\"float: left; margin: 10px;\" \/><\/p>\n<p>Venerd\u00ec, 11 maggio 2012 &#8211; ore 10.00<\/p>\n<p>Ridotto Teatro Stabile &#8211; Potenza<\/p>\n<p>seminario:\u00a0\u00a0<strong>&#8220;Salvaguardia dell&#8217;ambiente ed impresa,\u00a0\u00a0il punto sulla pianificazione della differenziata in provincia di Potenza&#8221;<\/strong><\/p>\n<p style=\"text-align: justify;\">Si parler\u00e0 di tutela e salvaguardia dell&#8217;ambiente, con riferimento ad un tema di grande attualit\u00e0 quale la raccolta differenziata, e delle opportunit\u00e0 di impresa che da essa derivano, con la testimonianza diretta di un nostro socio ucid che opera nel settore<\/p>\n<p><BR><A HREF =\"attachments\/article\/5755\/Manifesti_Seminario_Ucid.jpg\" title=\"Manifesti_Seminario_Ucid.jpg\" target=\"_blank\" >Manifesti_Seminario_Ucid.jpg<\/A><\/p>\n","protected":false},"excerpt":{"rendered":"<p>Venerd\u00ec, 11 maggio 2012 &#8211; ore 10.00 Ridotto Teatro Stabile &#8211; Potenza seminario:\u00a0\u00a0&#8220;Salvaguardia dell&#8217;ambiente ed impresa,\u00a0\u00a0il punto sulla pianificazione della differenziata in provincia di Potenza&#8221; &#8230; <\/p>\n","protected":false},"author":1,"featured_media":0,"comment_status":"closed","ping_status":"closed","sticky":false,"template":"single-sidebar.php","format":"standard","meta":{"footnotes":""},"categories":[83],"tags":[],"class_list":["post-5090","post","type-post","status-publish","format-standard","hentry","category-c252-archivio-eventi14-252"],"_links":{"self":[{"href":"https:\/\/archivio.comune.potenza.it\/index.php?rest_route=\/wp\/v2\/posts\/5090"}],"collection":[{"href":"https:\/\/archivio.comune.potenza.it\/index.php?rest_route=\/wp\/v2\/posts"}],"about":[{"href":"https:\/\/archivio.comune.potenza.it\/index.php?rest_route=\/wp\/v2\/types\/post"}],"author":[{"embeddable":true,"href":"https:\/\/archivio.comune.potenza.it\/index.php?rest_route=\/wp\/v2\/users\/1"}],"replies":[{"embeddable":true,"href":"https:\/\/archivio.comune.potenza.it\/index.php?rest_route=%2Fwp%2Fv2%2Fcomments&post=5090"}],"version-history":[{"count":0,"href":"https:\/\/archivio.comune.potenza.it\/index.php?rest_route=\/wp\/v2\/posts\/5090\/revisions"}],"wp:attachment":[{"href":"https:\/\/archivio.comune.potenza.it\/index.php?rest_route=%2Fwp%2Fv2%2Fmedia&parent=5090"}],"wp:term":[{"taxonomy":"category","embeddable":true,"href":"https:\/\/archivio.comune.potenza.it\/index.php?rest_route=%2Fwp%2Fv2%2Fcategories&post=5090"},{"taxonomy":"post_tag","embeddable":true,"href":"https:\/\/archivio.comune.potenza.it\/index.php?rest_route=%2Fwp%2Fv2%2Ftags&post=5090"}],"curies":[{"name":"wp","href":"https:\/\/api.w.org\/{rel}","templated":true}]}}