{"id":5102,"date":"2012-05-06T14:16:24","date_gmt":"2012-05-06T12:16:24","guid":{"rendered":"http:\/\/archivio.comune.potenza.it\/comune_wp\/?p=5102"},"modified":"2012-05-06T14:16:24","modified_gmt":"2012-05-06T12:16:24","slug":"molinari-opp-su-destinazione-duso-ex-ipias-via-sicilia","status":"publish","type":"post","link":"https:\/\/archivio.comune.potenza.it\/?p=5102","title":{"rendered":"Molinari (Opp) su destinazione d&#8217;uso ex IPIAS via Sicilia"},"content":{"rendered":"<p>\u00a0<\/p>\n<p><span style=\"color: #000000; font-family: Times; line-height: normal; -webkit-tap-highlight-color: rgba(26, 26, 26, 0.292969); -webkit-composition-fill-color: rgba(175, 192, 227, 0.230469); -webkit-composition-frame-color: rgba(77, 128, 180, 0.230469);\"> <\/span><\/p>\n<p class=\"s5\" style=\"margin-top: 0px; margin-bottom: 0px; line-height: 21px; text-align: justify;\"><span class=\"s3\" style=\"line-height: 19px; font-family: Verdana; font-size: 16px;\">\u201cT<\/span><span class=\"s3\" style=\"line-height: 19px; font-family: Verdana; font-size: 16px;\">erminata la ristrutturazione<\/span><span class=\"s3\" style=\"line-height: 19px; font-family: Verdana; font-size: 16px;\">,<\/span><span class=\"s3\" style=\"line-height: 19px; font-family: Verdana; font-size: 16px;\"> <\/span><span class=\"s3\" style=\"line-height: 19px; font-family: Verdana; font-size: 16px;\">l\u2019immobile ex Ipias in Via Sicil<\/span><span class=\"s3\" style=\"line-height: 19px; font-family: Verdana; font-size: 16px;\">i<\/span><span class=\"s3\" style=\"line-height: 19px; font-family: Verdana; font-size: 16px;\">a \u00e8 ancora vuoto. Nel 2006 veniva approvato il progetto p<\/span><span class=\"s3\" style=\"line-height: 19px; font-family: Verdana; font-size: 16px;\">reliminare per realizzare <\/span><span class=\"s3\" style=\"line-height: 19px; font-family: Verdana; font-size: 16px;\">i lavori e <\/span><span class=\"s3\" style=\"line-height: 19px; font-family: Verdana; font-size: 16px;\">destinare l\u2019edificio ad <\/span><span class=\"s3\" style=\"line-height: 19px; font-family: Verdana; font-size: 16px;\">un <\/span><span class=\"s3\" style=\"line-height: 19px; font-family: Verdana; font-size: 16px;\">\u2018<\/span><span class=\"s3\" style=\"line-height: 19px; font-family: Verdana; font-size: 16px;\">Centro per il Turismo Sociale Accessibile e di Aggreg<\/span><span class=\"s3\" style=\"line-height: 19px; font-family: Verdana; font-size: 16px;\">azione Giovanile\u2019. Il Comune di Potenza avrebbe voluto assegnarlo al Csv<\/span><span class=\"s3\" style=\"line-height: 19px; font-family: Verdana; font-size: 16px;\">. N<\/span><span class=\"s3\" style=\"line-height: 19px; font-family: Verdana; font-size: 16px;\">on potendolo fare l\u2019immobile \u00e8<\/span><span class=\"s3\" style=\"line-height: 19px; font-family: Verdana; font-size: 16px;\">ora inutilizzato dopo l\u2019investimento di<\/span><span class=\"s3\" style=\"line-height: 19px; font-family: Verdana; font-size: 16px;\"> non poche risorse pubbliche. I<\/span><span class=\"s3\" style=\"line-height: 19px; font-family: Verdana; font-size: 16px;\">n questa sede si pu\u00f2 fare<\/span><span class=\"s3\" style=\"line-height: 19px; font-family: Verdana; font-size: 16px;\">, invece, <\/span><span class=\"s3\" style=\"line-height: 19px; font-family: Verdana; font-size: 16px;\">la mensa per i poveri o un centr<\/span><span class=\"s3\" style=\"line-height: 19px; font-family: Verdana; font-size: 16px;\">o di aggregazione giovanile come, ad esempio, un laboratorio mu<\/span><span class=\"s3\" style=\"line-height: 19px; font-family: Verdana; font-size: 16px;\">sicale<\/span><span class=\"s3\" style=\"line-height: 19px; font-family: Verdana; font-size: 16px;\">\u201d<\/span><span class=\"s3\" style=\"line-height: 19px; font-family: Verdana; font-size: 16px;\">.<\/span><span class=\"s3\" style=\"line-height: 19px; font-family: Verdana; font-size: 16px;\"> <\/span><\/p>\n<p class=\"s5\" style=\"margin-top: 0px; margin-bottom: 0px; line-height: 21px; text-align: justify;\"><span style=\"line-height: 21px;\"> <\/span><\/p>\n<p class=\"s5\" style=\"margin-top: 0px; margin-bottom: 0px; line-height: 21px; text-align: justify;\"><span class=\"s3\" style=\"line-height: 19px; font-family: Verdana; font-size: 16px;\">Lo propone il consigliere comunale di Po<\/span><span class=\"s3\" style=\"line-height: 19px; font-family: Verdana; font-size: 16px;\">tenza Giuseppe Molinari ricorda<\/span><span class=\"s3\" style=\"line-height: 19px; font-family: Verdana; font-size: 16px;\">ndo come per <\/span><span class=\"s3\" style=\"line-height: 19px; font-family: Verdana; font-size: 16px;\">l\u2019intervento<\/span><span class=\"s3\" style=\"line-height: 19px; font-family: Verdana; font-size: 16px;\"> di ristrutturazione<\/span><span class=\"s3\" style=\"line-height: 19px; font-family: Verdana; font-size: 16px;\"> l\u2019importo complessivo \u00e8<\/span><span class=\"s3\" style=\"line-height: 19px; font-family: Verdana; font-size: 16px;\"> stato<\/span><span class=\"s3\" style=\"line-height: 19px; font-family: Verdana; font-size: 16px;\"> di 1.732.600,00 euro di cui<\/span><span class=\"s3\" style=\"line-height: 19px; font-family: Verdana; font-size: 16px;\"> 1.232.600,00 a valere sulla Misura V.2 <\/span><span class=\"s3\" style=\"line-height: 19px; font-family: Verdana; font-size: 16px;\">\u2018<\/span><span class=\"s3\" style=\"line-height: 19px; font-family: Verdana; font-size: 16px;\">Servizi alla persona e alla comunit\u00e0<\/span><span class=\"s3\" style=\"line-height: 19px; font-family: Verdana; font-size: 16px;\">\u2019<\/span><span class=\"s3\" style=\"line-height: 19px; font-family: Verdana; font-size: 16px;\"> del P.O.R. Basilicata 2000-2006<\/span><span class=\"s3\" style=\"line-height: 19px; font-family: Verdana; font-size: 16px;\"> e<\/span><span class=\"s3\" style=\"line-height: 19px; font-family: Verdana; font-size: 16px;\"> <\/span><span class=\"s3\" style=\"line-height: 19px; font-family: Verdana; font-size: 16px;\">500.000,00 a carico del Comune di Potenza<\/span><span class=\"s3\" style=\"line-height: 19px; font-family: Verdana; font-size: 16px;\"> che <\/span><span class=\"s3\" style=\"line-height: 19px; font-family: Verdana; font-size: 16px;\">avrebbe voluto <\/span><span class=\"s3\" style=\"line-height: 19px; font-family: Verdana; font-size: 16px;\">mutare unilateralmente la destinazione dell\u2019intervento<\/span><span class=\"s3\" style=\"line-height: 19px; font-family: Verdana; font-size: 16px;\"> senza riuscirci<\/span><span class=\"s3\" style=\"line-height: 19px; font-family: Verdana; font-size: 16px;\">.<\/span><span class=\"s3\" style=\"line-height: 19px; font-family: Verdana; font-size: 16px;\"> <\/span><span class=\"s3\" style=\"line-height: 19px; font-family: Verdana; font-size: 16px;\">Il cambiamento<\/span><span class=\"s3\" style=\"line-height: 19px; font-family: Verdana; font-size: 16px;\">della destinazione d\u2019uso di un intervento finanziato con il POR, infatti, <\/span><span class=\"s3\" style=\"line-height: 19px; font-family: Verdana; font-size: 16px;\">pu\u00f2 avvenire<\/span><span class=\"s3\" style=\"line-height: 19px; font-family: Verdana; font-size: 16px;\"> \u2013<\/span><span class=\"s3\" style=\"line-height: 19px; font-family: Verdana; font-size: 16px;\">evidenzia<\/span><span class=\"s3\" style=\"line-height: 19px; font-family: Verdana; font-size: 16px;\"> Molinari-<\/span><span class=\"s3\" style=\"line-height: 19px; font-family: Verdana; font-size: 16px;\"> solamente proceden<\/span><span class=\"s3\" style=\"line-height: 19px; font-family: Verdana; font-size: 16px;\">do ad u<\/span><span class=\"s3\" style=\"line-height: 19px; font-family: Verdana; font-size: 16px;\">na modifica\/sostituzione della \u2018Scheda Progetto\u2019 <\/span><span class=\"s3\" style=\"line-height: 19px; font-family: Verdana; font-size: 16px;\">originariamente approvata ed inserita nell\u2019Acco<\/span><span class=\"s3\" style=\"line-height: 19px; font-family: Verdana; font-size: 16px;\">r<\/span><span class=\"s3\" style=\"line-height: 19px; font-family: Verdana; font-size: 16px;\">do di Programma.<\/span><span class=\"s3\" style=\"line-height: 19px; font-family: Verdana; font-size: 16px;\"> Questa modifica<\/span><span class=\"s3\" style=\"line-height: 19px; font-family: Verdana; font-size: 16px;\"> avrebbe dovuto essere ri<\/span><span class=\"s3\" style=\"line-height: 19px; font-family: Verdana; font-size: 16px;\">chiesta dal soggetto attuatore, il <\/span><span class=\"s3\" style=\"line-height: 19px; font-family: Verdana; font-size: 16px;\">Comun<\/span><span class=\"s3\" style=\"line-height: 19px; font-family: Verdana; font-size: 16px;\">e di Potenza, <\/span><span class=\"s3\" style=\"line-height: 19px; font-family: Verdana; font-size: 16px;\">alla Regione. Il r<\/span><span class=\"s3\" style=\"line-height: 19px; font-family: Verdana; font-size: 16px;\">esponsabile della Misura regiona<\/span><span class=\"s3\" style=\"line-height: 19px; font-family: Verdana; font-size: 16px;\">le avrebbe dovuto esprimere il \u2018parere di coerenza\u2019<\/span><span class=\"s3\" style=\"line-height: 19px; font-family: Verdana; font-size: 16px;\">con le tipologie di operazioni previste dalla misura V.2 ed,<\/span><span class=\"s3\" style=\"line-height: 19px; font-family: Verdana; font-size: 16px;\">alla fine, si sarebbe potuto procedere<\/span><span class=\"s3\" style=\"line-height: 19px; font-family: Verdana; font-size: 16px;\"> ad approvare tale modifica<\/span><span class=\"s3\" style=\"line-height: 19px; font-family: Verdana; font-size: 16px;\">\u201d<\/span><span class=\"s3\" style=\"line-height: 19px; font-family: Verdana; font-size: 16px;\">.<\/span><\/p>\n<p class=\"s5\" style=\"margin-top: 0px; margin-bottom: 0px; line-height: 21px; text-align: justify;\"><span style=\"line-height: 21px;\"> <\/span><\/p>\n<p class=\"s5\" style=\"margin-top: 0px; margin-bottom: 0px; line-height: 21px; text-align: justify;\"><span class=\"s3\" style=\"line-height: 19px; font-family: Verdana; font-size: 16px;\">\u201c<\/span><span class=\"s3\" style=\"line-height: 19px; font-family: Verdana; font-size: 16px;\">Quando la Regione Basilicata \u00e8 venuta a <\/span><span class=\"s3\" style=\"line-height: 19px; font-family: Verdana; font-size: 16px;\">sapere della volont\u00e0 de<\/span><span class=\"s3\" style=\"line-height: 19px; font-family: Verdana; font-size: 16px;\">l Comune di destinare l\u2019edificio a<\/span><span class=\"s3\" style=\"line-height: 19px; font-family: Verdana; font-size: 16px;\">l Csv <\/span><span class=\"s3\" style=\"line-height: 19px; font-family: Verdana; font-size: 16px;\">ha chiesto<\/span><span class=\"s3\" style=\"line-height: 19px; font-family: Verdana; font-size: 16px;\">\u2013spiega Molinari<\/span><span class=\"s3\" style=\"line-height: 19px; font-family: Verdana; font-size: 16px;\">&#8211; <\/span><span class=\"s3\" style=\"line-height: 19px; font-family: Verdana; font-size: 16px;\">a maggio dello scorso anno all\u2019amministrazione<\/span><span class=\"s3\" style=\"line-height: 19px; font-family: Verdana; font-size: 16px;\"> <\/span><span class=\"s3\" style=\"line-height: 19px; font-family: Verdana; font-size: 16px;\">di Potenza <\/span><span class=\"s3\" style=\"line-height: 19px; font-family: Verdana; font-size: 16px;\">di relazionare sulla vicenda e nel successivo mese di dicembre<\/span><span class=\"s3\" style=\"line-height: 19px; font-family: Verdana; font-size: 16px;\"> il Comune ha proposto al r<\/span><span class=\"s3\" style=\"line-height: 19px; font-family: Verdana; font-size: 16px;\">esponsabile regionale della Misura di poter <\/span><span class=\"s3\" style=\"line-height: 19px; font-family: Verdana; font-size: 16px;\">destinare l\u2019immobile \u2018Ex Ipias<\/span><span class=\"s3\" style=\"line-height: 19px; font-family: Verdana; font-size: 16px;\">\u2019 a \u2018Casa del Volontariato\u2019<\/span><span class=\"s3\" style=\"line-height: 19px; font-family: Verdana; font-size: 16px;\">.<\/span><span class=\"s3\" style=\"line-height: 19px; font-family: Verdana; font-size: 16px;\"> <\/span><span class=\"s3\" style=\"line-height: 19px; font-family: Verdana; font-size: 16px;\">Il r<\/span><span class=\"s3\" style=\"line-height: 19px; font-family: Verdana; font-size: 16px;\">esponsabile regionale<\/span><span class=\"s3\" style=\"line-height: 19px; font-family: Verdana; font-size: 16px;\">, per\u00f2,<\/span><span class=\"s3\" style=\"line-height: 19px; font-family: Verdana; font-size: 16px;\"> dopo pochi giorni ha risposto al Comune che tale scelta non <\/span><span class=\"s3\" style=\"line-height: 19px; font-family: Verdana; font-size: 16px;\">era <\/span><span class=\"s3\" style=\"line-height: 19px; font-family: Verdana; font-size: 16px;\">coerente con la Misura.<\/span><span class=\"s3\" style=\"line-height: 19px; font-family: Verdana; font-size: 16px;\">Destinando<\/span><span class=\"s3\" style=\"line-height: 19px; font-family: Verdana; font-size: 16px;\"> la stru<\/span><span class=\"s3\" style=\"line-height: 19px; font-family: Verdana; font-size: 16px;\">ttura a \u2018Casa del Volontariato\u2019<\/span><span class=\"s3\" style=\"line-height: 19px; font-family: Verdana; font-size: 16px;\">, infatti, <\/span><span class=\"s3\" style=\"line-height: 19px; font-family: Verdana; font-size: 16px;\">si continuerebbe a trascurare l\u2019elemento dell\u2019erogazione di servizi socio-assistenziali a favore della persona e della comunit\u00e0 locale, <\/span><span class=\"s3\" style=\"line-height: 19px; font-family: Verdana; font-size: 16px;\">come prevede <\/span><span class=\"s3\" style=\"line-height: 19px; font-family: Verdana; font-size: 16px;\">la misura<\/span><span class=\"s3\" style=\"line-height: 19px; font-family: Verdana; font-size: 16px;\"> V.2. Az. A del POR\u00a0<a href=\"tel:2000\/2006\">2000\/2006<\/a><\/span><span class=\"s3\" style=\"line-height: 19px; font-family: Verdana; font-size: 16px;\">. <\/span><span class=\"s3\" style=\"line-height: 19px; font-family: Verdana; font-size: 16px;\">La Misura V.2<\/span><span class=\"s3\" style=\"line-height: 19px; font-family: Verdana; font-size: 16px;\"> <\/span><span class=\"s3\" style=\"line-height: 19px; font-family: Verdana; font-size: 16px;\">\u2013continua il consigliere &#8211;<\/span><span class=\"s3\" style=\"line-height: 19px; font-family: Verdana; font-size: 16px;\">destina<\/span><span class=\"s3\" style=\"line-height: 19px; font-family: Verdana; font-size: 16px;\"> esplicitamente il finanziamento di interventi volti alla ristrutturazione di<\/span><span class=\"s3\" style=\"line-height: 19px; font-family: Verdana; font-size: 16px;\"> edifici esistenti in cui ubicare<\/span><span class=\"s3\" style=\"line-height: 19px; font-family: Verdana; font-size: 16px;\"> servizi di tipo socio-assistenziale ed educativo, centri polifunzionali, centri diurni ed altre tipologie previste dalla<\/span><span class=\"s3\" style=\"line-height: 19px; font-family: Verdana; font-size: 16px;\">normativa nazionale e regionale\u201d.<\/span><\/p>\n<p class=\"s5\" style=\"margin-top: 0px; margin-bottom: 0px; line-height: 21px; text-align: justify;\"><span style=\"line-height: 21px;\"> <\/span><\/p>\n<p class=\"s5\" style=\"margin-top: 0px; margin-bottom: 0px; line-height: 21px; text-align: justify;\"><span class=\"s3\" style=\"line-height: 19px; font-family: Verdana; font-size: 16px;\">Secondo Molinari sarebbe<\/span><span class=\"s3\" style=\"line-height: 19px; font-family: Verdana; font-size: 16px;\">,<\/span><span class=\"s3\" style=\"line-height: 19px; font-family: Verdana; font-size: 16px;\"> dunque<\/span><span class=\"s3\" style=\"line-height: 19px; font-family: Verdana; font-size: 16px;\">,<\/span><span class=\"s3\" style=\"line-height: 19px; font-family: Verdana; font-size: 16px;\"> opport<\/span><span class=\"s3\" style=\"line-height: 19px; font-family: Verdana; font-size: 16px;\">uno <\/span><span class=\"s3\" style=\"line-height: 19px; font-family: Verdana; font-size: 16px;\">\u201c<\/span><span class=\"s3\" style=\"line-height: 19px; font-family: Verdana; font-size: 16px;\">valutare di realizzare nell\u2019ex Ipias una mensa per i bisognosi che il capoluogo di regione dovrebbe avere come altre citt\u00e0 in Italia e nel mondo, a partire dalla vicina Matera. Certo sarebbe anche utile realizzarvi un centro di aggregazione giovanile dove dedicare tempo e spazi<\/span><span class=\"s3\" style=\"line-height: 19px; font-family: Verdana; font-size: 16px;\">o<\/span><span class=\"s3\" style=\"line-height: 19px; font-family: Verdana; font-size: 16px;\"> ai ragazzi della citt\u00e0 magari incentivandoli a coltivare sani interessi come la musica, la fotografia o altro. Non \u00e8 pi\u00f9 accettabile che un edificio ristrutturato e pronto ad essere utilizzato sia vuoto ed in attesa che l\u2019amministrazione comunale ne decida la destinazione d\u2019uso<\/span><span class=\"s3\" style=\"line-height: 19px; font-family: Verdana; font-size: 16px;\">. La vicenda riporta all\u2019attenzione ancora una volta l\u2019incertezza e la superficialit\u00e0 che ormai caratterizzano questa amministrazione comunale incapace <\/span><span class=\"s3\" style=\"line-height: 19px; font-family: Verdana; font-size: 16px;\">\u2013conclude- <\/span><span class=\"s3\" style=\"line-height: 19px; font-family: Verdana; font-size: 16px;\">di agire molto spesso con scelte chiare<\/span><span class=\"s3\" style=\"line-height: 19px; font-family: Verdana; font-size: 16px;\">,<\/span><span class=\"s3\" style=\"line-height: 19px; font-family: Verdana; font-size: 16px;\"> precise e legittime<\/span><span class=\"s3\" style=\"line-height: 19px; font-family: Verdana; font-size: 16px;\">\u201d.<\/span><\/p>\n<p>\u00a0<\/p>\n","protected":false},"excerpt":{"rendered":"<p>\u00a0 \u201cTerminata la ristrutturazione, l\u2019immobile ex Ipias in Via Sicilia \u00e8 ancora vuoto. Nel 2006 veniva approvato il progetto preliminare per realizzare i lavori e &#8230; <\/p>\n","protected":false},"author":1,"featured_media":0,"comment_status":"closed","ping_status":"closed","sticky":false,"template":"single-sidebar.php","format":"standard","meta":{"footnotes":""},"categories":[63],"tags":[],"class_list":["post-5102","post","type-post","status-publish","format-standard","hentry","category-news"],"_links":{"self":[{"href":"https:\/\/archivio.comune.potenza.it\/index.php?rest_route=\/wp\/v2\/posts\/5102"}],"collection":[{"href":"https:\/\/archivio.comune.potenza.it\/index.php?rest_route=\/wp\/v2\/posts"}],"about":[{"href":"https:\/\/archivio.comune.potenza.it\/index.php?rest_route=\/wp\/v2\/types\/post"}],"author":[{"embeddable":true,"href":"https:\/\/archivio.comune.potenza.it\/index.php?rest_route=\/wp\/v2\/users\/1"}],"replies":[{"embeddable":true,"href":"https:\/\/archivio.comune.potenza.it\/index.php?rest_route=%2Fwp%2Fv2%2Fcomments&post=5102"}],"version-history":[{"count":0,"href":"https:\/\/archivio.comune.potenza.it\/index.php?rest_route=\/wp\/v2\/posts\/5102\/revisions"}],"wp:attachment":[{"href":"https:\/\/archivio.comune.potenza.it\/index.php?rest_route=%2Fwp%2Fv2%2Fmedia&parent=5102"}],"wp:term":[{"taxonomy":"category","embeddable":true,"href":"https:\/\/archivio.comune.potenza.it\/index.php?rest_route=%2Fwp%2Fv2%2Fcategories&post=5102"},{"taxonomy":"post_tag","embeddable":true,"href":"https:\/\/archivio.comune.potenza.it\/index.php?rest_route=%2Fwp%2Fv2%2Ftags&post=5102"}],"curies":[{"name":"wp","href":"https:\/\/api.w.org\/{rel}","templated":true}]}}