{"id":5107,"date":"2012-05-07T11:15:01","date_gmt":"2012-05-07T09:15:01","guid":{"rendered":"http:\/\/archivio.comune.potenza.it\/comune_wp\/?p=5107"},"modified":"2012-05-07T11:15:01","modified_gmt":"2012-05-07T09:15:01","slug":"forum-giovanilele-iscrizioni-on-line","status":"publish","type":"post","link":"https:\/\/archivio.comune.potenza.it\/?p=5107","title":{"rendered":"Forum Giovanile:le iscrizioni on line"},"content":{"rendered":"<p style=\"text-align: justify;\"><span style=\"font-size: small;\">\u201cA partire da oggi 7 maggio e fino al 6 giugno i giovani residenti a Potenza, di et\u00e0 compresa tra 15 e 25 anni potranno iscriversi al Forum giovanile, comunit\u00e0 virtuale, esclusivamente mediante l\u2019accesso al link <a href=\"forumgiovani\">archivio.comune.potenza.it\/forumgiovani<\/a>, comunit\u00e0 dove ciascun ragazzo pu\u00f2 partecipare alla vita, alle decisioni dell\u2019amministrazione comunale riguardanti i giovani, esprimendo pareri, opinioni, partecipando a sondaggi e consultazioni proposte on line e suggerendo progetti o idee\u201d. Cos\u00ec il Sindaco di Potenza, Vito Santarsiero e l\u2019assessore alle Politiche giovanili Emiddio Fiore presentano l\u2019iniziativa il cui obiettivo \u00e8 quello \u201cdi favorire e promuovere concretamente il ruolo delle giovani generazioni nella societ\u00e0\u00a0 comunale, sostenendo le attivit\u00e0 culturali, sociali, ludico-artistiche finalizzate all\u2019aggregazione degli adolescenti e giovani residenti sul territorio. In quest\u2019ottica \u00e8 istituito il Forum giovanile comunale, quale organismo permanente che monitorizza la condizione giovanile e si basa \u00a0sulla partecipazione dei ragazzi under 25\u201d.<br \/>Il Forum giovanile comunale \u00e8 un organo consultivo dell\u2019amministrazione comunale alla quale presenta proposte sulle deliberazioni inerenti le tematiche giovanili. E\u2019 strumento di conoscenza delle realt\u00e0 giovanili, promuove progetti, attivit\u00e0 e iniziative inerenti i giovani, promuove dibattiti, ricerche e incontri. Attiva e promuove iniziative per un migliore utilizzo del tempo libero, favorisce il raccordo tra i gruppi giovanili e le istituzioni locali, si rapporta con gruppi informali, tiene e aggiorna un\u2019anagrafe comunale dei gruppi di base, promuove rapporti permanenti con le Consulte e i Forum presenti nel territorio regionale, con le Consulte e i Forum presenti nelle altre regioni e si raccorda con il livello nazionale e internazionale. In ultimo pu\u00f2 raccogliere informazioni nei settori di interesse giovanile (scuola, universit\u00e0, mondo del lavoro, tempo libero, sport, volontariato cultura e spettacolo, mobilit\u00e0 all\u2019estero, servizio di leva, ambiente, vacanze e turismo) direttamente, con ricerche autonome o attraverso strutture amministrative comunali. Il Forum giovanile comunale dura in carica quanto la consiliatura \u00a0e viene rinnovato entro 6 mesi dall\u2019insediamento del Consiglio comunale con le modalit\u00e0 indicate dal regolamento approvato con delibera del Consiglio Comunale nel giugno del 2010. \u201cL\u2019iscrizione alla Comunit\u00e0 virtuale \u2013 concludono Santarsiero e Fiore \u2013 \u00e8 necessaria per permettere l\u2019avvio delle successive procedure di costituzione del Forum giovanile comunale\u201d.<\/span><\/p>\n","protected":false},"excerpt":{"rendered":"<p>\u201cA partire da oggi 7 maggio e fino al 6 giugno i giovani residenti a Potenza, di et\u00e0 compresa tra 15 e 25 anni potranno &#8230; <\/p>\n","protected":false},"author":1,"featured_media":0,"comment_status":"closed","ping_status":"closed","sticky":false,"template":"single-sidebar.php","format":"standard","meta":{"footnotes":""},"categories":[63],"tags":[],"class_list":["post-5107","post","type-post","status-publish","format-standard","hentry","category-news"],"_links":{"self":[{"href":"https:\/\/archivio.comune.potenza.it\/index.php?rest_route=\/wp\/v2\/posts\/5107"}],"collection":[{"href":"https:\/\/archivio.comune.potenza.it\/index.php?rest_route=\/wp\/v2\/posts"}],"about":[{"href":"https:\/\/archivio.comune.potenza.it\/index.php?rest_route=\/wp\/v2\/types\/post"}],"author":[{"embeddable":true,"href":"https:\/\/archivio.comune.potenza.it\/index.php?rest_route=\/wp\/v2\/users\/1"}],"replies":[{"embeddable":true,"href":"https:\/\/archivio.comune.potenza.it\/index.php?rest_route=%2Fwp%2Fv2%2Fcomments&post=5107"}],"version-history":[{"count":0,"href":"https:\/\/archivio.comune.potenza.it\/index.php?rest_route=\/wp\/v2\/posts\/5107\/revisions"}],"wp:attachment":[{"href":"https:\/\/archivio.comune.potenza.it\/index.php?rest_route=%2Fwp%2Fv2%2Fmedia&parent=5107"}],"wp:term":[{"taxonomy":"category","embeddable":true,"href":"https:\/\/archivio.comune.potenza.it\/index.php?rest_route=%2Fwp%2Fv2%2Fcategories&post=5107"},{"taxonomy":"post_tag","embeddable":true,"href":"https:\/\/archivio.comune.potenza.it\/index.php?rest_route=%2Fwp%2Fv2%2Ftags&post=5107"}],"curies":[{"name":"wp","href":"https:\/\/api.w.org\/{rel}","templated":true}]}}