{"id":5122,"date":"2012-05-09T06:53:38","date_gmt":"2012-05-09T04:53:38","guid":{"rendered":"http:\/\/archivio.comune.potenza.it\/comune_wp\/?p=5122"},"modified":"2012-05-09T06:53:38","modified_gmt":"2012-05-09T04:53:38","slug":"imbesi-pdl-su-incidente-in-viale-firenze","status":"publish","type":"post","link":"https:\/\/archivio.comune.potenza.it\/?p=5122","title":{"rendered":"Imbesi (PDL) su incidente in viale Firenze"},"content":{"rendered":"<p style=\"text-align: justify;\"><span style=\"font-size: small;\">Il Vice Presidente del Consiglio Comunale di Potenza, Antonino Imbesi, in una nota, ha commentato con amarezza l\u2019ennesimo incidente stradale avvenuto qualche giorno fa nella citt\u00e0 capoluogo ed esattamente in viale Firenze.&#8221;Ancora una volta viale Firenze si \u00e8 dimostrata una strada ad alta pericolosit\u00e0: infatti anche qualche giorno fa si e&#8217; sfiorata una tragedia che solo per un caso fortuito non ha prodotto conseguenze irreparabili\u2026 \u2013 ha dichiarato Imbesi. Ma il problema rimane. E mi chiedo perch\u00e9 l\u2019Amministrazione Comunale non provveda a ridurre i rischi per la sicurezza dei cittadini e continui a far orecchie da mercante nonostante pi\u00f9 volte sollecitata dal sottoscritto in questo senso (l\u2019ultima volta con nota amministrativa del 6 settembre 2011). Possibile che si continui imperterriti a fregarsene dei bisogni dei cittadini?\u201dIl Vice Presidente del Consiglio, dopo aver fatto presente che la situazione non \u00e8 pi\u00f9 sostenibile, ha chiesto nuovamente che l\u2019Assessorato competente metta in campo con urgenza azioni concrete per tutelare la sicurezza degli abitanti dell\u2019area ed in genere per tutti i potentini.&#8221;Chiedo di nuovo a gran voce \u2013 ha detto Imbesi\u2013 che siano piazzati dei semafori, che siano risistemate le strisce pedonali e che venga posizionato qualche rallentatore per tutelare la sicurezza di grandi e piccoli. Se prima o poi ci dovesse scappare il morto non vorrei trovarmi nei panni degli Amministratori e\/o dei Dirigenti che, causa la continua sottovalutazione del problema e la protratta inoperosit\u00e0, dovessero trovarsi a giustificare i loro comportamenti di fronte ad Organi giudiziari che certamente chiederanno conto della persistente inerzia anche di fronte alle mie ricorrenti sollecitudini ed interpellanze consiliari.\u201d<\/span><\/p>\n","protected":false},"excerpt":{"rendered":"<p>Il Vice Presidente del Consiglio Comunale di Potenza, Antonino Imbesi, in una nota, ha commentato con amarezza l\u2019ennesimo incidente stradale avvenuto qualche giorno fa nella &#8230; <\/p>\n","protected":false},"author":1,"featured_media":0,"comment_status":"closed","ping_status":"closed","sticky":false,"template":"single-sidebar.php","format":"standard","meta":{"footnotes":""},"categories":[63],"tags":[],"class_list":["post-5122","post","type-post","status-publish","format-standard","hentry","category-news"],"_links":{"self":[{"href":"https:\/\/archivio.comune.potenza.it\/index.php?rest_route=\/wp\/v2\/posts\/5122"}],"collection":[{"href":"https:\/\/archivio.comune.potenza.it\/index.php?rest_route=\/wp\/v2\/posts"}],"about":[{"href":"https:\/\/archivio.comune.potenza.it\/index.php?rest_route=\/wp\/v2\/types\/post"}],"author":[{"embeddable":true,"href":"https:\/\/archivio.comune.potenza.it\/index.php?rest_route=\/wp\/v2\/users\/1"}],"replies":[{"embeddable":true,"href":"https:\/\/archivio.comune.potenza.it\/index.php?rest_route=%2Fwp%2Fv2%2Fcomments&post=5122"}],"version-history":[{"count":0,"href":"https:\/\/archivio.comune.potenza.it\/index.php?rest_route=\/wp\/v2\/posts\/5122\/revisions"}],"wp:attachment":[{"href":"https:\/\/archivio.comune.potenza.it\/index.php?rest_route=%2Fwp%2Fv2%2Fmedia&parent=5122"}],"wp:term":[{"taxonomy":"category","embeddable":true,"href":"https:\/\/archivio.comune.potenza.it\/index.php?rest_route=%2Fwp%2Fv2%2Fcategories&post=5122"},{"taxonomy":"post_tag","embeddable":true,"href":"https:\/\/archivio.comune.potenza.it\/index.php?rest_route=%2Fwp%2Fv2%2Ftags&post=5122"}],"curies":[{"name":"wp","href":"https:\/\/api.w.org\/{rel}","templated":true}]}}