{"id":5130,"date":"2012-06-30T23:59:00","date_gmt":"2012-06-30T21:59:00","guid":{"rendered":"http:\/\/archivio.comune.potenza.it\/comune_wp\/?p=5130"},"modified":"2012-06-30T23:59:00","modified_gmt":"2012-06-30T21:59:00","slug":"mostra-documentaria33","status":"publish","type":"post","link":"https:\/\/archivio.comune.potenza.it\/?p=5130","title":{"rendered":"Mostra documentaria"},"content":{"rendered":"<p><strong><img decoding=\"async\" src=\"images\/multimediali_new\/eventi-e-manifestazioni\/2012\/05\/mostraturchi.jpg\" border=\"0\" style=\"border: 0; float: left; margin: 10px;\" \/>Edizione straordinaria i turchi in prima pagina<\/strong><\/p>\n<p>Potenza, Scale Mobili<\/p>\n<p><em>Direzione Scientifica, Antonella Pellettieri<\/em><\/p>\n<p>  <!--more-->  <\/p>\n<p><em>Studio, ricerca e allestimento Simona Buono, Maria Emilia Cavaliere, Antonella Tolve Ricostruzione archivi fotografici ed editing fotografico Giacomo Silvano.<\/em><\/p>\n<p>La mostra \u00e8 tra le iniziative del Comitato tecnico-scientifico della Storica Parata dei Turchi in collaborazione con l\u2019Ufficio Cultura del Comune di Potenza.<\/p>\n<p style=\"text-align: justify;\">La mostra ripercorre <strong>duecento anni di Storica Parata dei Turchi <\/strong>attraverso l\u2019esposizione di documentazione proveniente dalle Emeroteche della Biblioteca Nazionale e della Biblioteca Provinciale di Potenza nonch\u00e8 dall\u2019Archivio Storico Comunale.<\/p>\n<p style=\"text-align: justify;\">Le fotografie appartengono all\u2019Ufficio Cultura del Comune di Potenza e ad Archivi Privati. L\u2019esposizione si prefigge l\u2019obiettivo di raccontare ai visitatori, anno dopo anno, \u00a0<strong>come veniva festeggiato il Santo Patrono <\/strong>e come veniva organizzata la Storica Parata dei Turchi, con documentazione che parte dal 1824 e arriva fino ai nostri giorni. Essa sar\u00e0 in esposizione fino al 30 giugno presso le tre Scale Mobili della Citt\u00e0 e sar\u00e0 divisa secondo un percorso cronologico ben definito: sulle Scale Mobili che portano da Viale Marconi al Centro Storico ci sar\u00e0 documentazione che va dal 1824 al 1966, sulle Scale Mobili e Ponte Attrezzato che portano da Poggio Tre Galli a Porta Salza documenti che coprono un arco temporale che va dal 1967 al 2000, sul tronco di Scale Mobili che partono da Via Armellini a Via due Torri documenti e foto degli anni 2001-2011.<\/p>\n<p><BR><A HREF =\"attachments\/article\/5798\/mostra turca-inaugurazione.pdf\" title=\"mostra turca-inaugurazione.pdf\" target=\"_blank\" >mostra turca-inaugurazione.pdf<\/A><\/p>\n","protected":false},"excerpt":{"rendered":"<p>Edizione straordinaria i turchi in prima pagina Potenza, Scale Mobili Direzione Scientifica, Antonella Pellettieri<\/p>\n","protected":false},"author":1,"featured_media":0,"comment_status":"closed","ping_status":"closed","sticky":false,"template":"single-sidebar.php","format":"standard","meta":{"footnotes":""},"categories":[83],"tags":[],"class_list":["post-5130","post","type-post","status-publish","format-standard","hentry","category-c252-archivio-eventi14-252"],"_links":{"self":[{"href":"https:\/\/archivio.comune.potenza.it\/index.php?rest_route=\/wp\/v2\/posts\/5130"}],"collection":[{"href":"https:\/\/archivio.comune.potenza.it\/index.php?rest_route=\/wp\/v2\/posts"}],"about":[{"href":"https:\/\/archivio.comune.potenza.it\/index.php?rest_route=\/wp\/v2\/types\/post"}],"author":[{"embeddable":true,"href":"https:\/\/archivio.comune.potenza.it\/index.php?rest_route=\/wp\/v2\/users\/1"}],"replies":[{"embeddable":true,"href":"https:\/\/archivio.comune.potenza.it\/index.php?rest_route=%2Fwp%2Fv2%2Fcomments&post=5130"}],"version-history":[{"count":0,"href":"https:\/\/archivio.comune.potenza.it\/index.php?rest_route=\/wp\/v2\/posts\/5130\/revisions"}],"wp:attachment":[{"href":"https:\/\/archivio.comune.potenza.it\/index.php?rest_route=%2Fwp%2Fv2%2Fmedia&parent=5130"}],"wp:term":[{"taxonomy":"category","embeddable":true,"href":"https:\/\/archivio.comune.potenza.it\/index.php?rest_route=%2Fwp%2Fv2%2Fcategories&post=5130"},{"taxonomy":"post_tag","embeddable":true,"href":"https:\/\/archivio.comune.potenza.it\/index.php?rest_route=%2Fwp%2Fv2%2Ftags&post=5130"}],"curies":[{"name":"wp","href":"https:\/\/api.w.org\/{rel}","templated":true}]}}