{"id":5142,"date":"2012-05-10T10:55:14","date_gmt":"2012-05-10T08:55:14","guid":{"rendered":"http:\/\/archivio.comune.potenza.it\/comune_wp\/?p=5142"},"modified":"2012-05-10T10:55:14","modified_gmt":"2012-05-10T08:55:14","slug":"coviello-fli-si-dimette-da-presidente-seconda-commissione","status":"publish","type":"post","link":"https:\/\/archivio.comune.potenza.it\/?p=5142","title":{"rendered":"Coviello (FLI) si dimette da Presidente Seconda Commissione"},"content":{"rendered":"<p style=\"margin-top: 0cm; margin-right: 0cm; margin-left: 0cm; margin-bottom: 0.0001pt; text-align: justify;\"><span style=\"font-size: small;\">&#8220;Come anticipato nella seduta di consiglio comunale di ieri 08 maggio 2012 comunico le mie dimissioni irrevocabile da Presidente della II Commissione Consiliare Permanete (bilancio finanze e patrimonio)\u00a0del Comune di Potenza.&#8221; Cos\u00ec il consigliere Rocco Coviello (FLI) il quale aggiunge che &#8220;quello che \u00e8 successo nella seduta di consiglio di ieri non mi lascia indifferente anzi mi turba e mi preoccupa.Questo modo di fare politica e questo modo di &#8220;manipolare&#8221; le istituzioni non mi appartengono.Non anticipi e approfondisco temi che saranno sviscerati dai gruppi di minoranza in una apposita conferenza stampa ma non potevo rimanere silente alla pi\u00f9 brutta pagina politica che si \u00e8 &#8220;consumata&#8221; in questo Consiglio Comunale.A distanza di un giorno ancora non riesco a capire quale &#8220;losco&#8221; accordo politico si stia consumando nelle &#8220;nostre stanze&#8221;.Questi atteggiamenti non fanno altro che allontanare le persone dalla politica ed io ed il mio partito non vogliamo essere assimilati a tali modi di gestire le istituzione e la cosa pubblica.Ringrazio tutti i membri della II commissione -conclude- \u00a0per la quantit\u00e0 e la qualit\u00e0 del lavoro che assieme abbiamo fatto in totale trasparenza, terziet\u00e0 e nell&#8217;interesse della citt\u00e0 \u00a0pur nella difficolt\u00e0, che\u00a0 di questi periodi, i temi di bilancio e finanze hanno rappresentato e rappresentano nella nostra comunit\u00e0.&#8221;<\/span><\/p>\n","protected":false},"excerpt":{"rendered":"<p>&#8220;Come anticipato nella seduta di consiglio comunale di ieri 08 maggio 2012 comunico le mie dimissioni irrevocabile da Presidente della II Commissione Consiliare Permanete (bilancio &#8230; <\/p>\n","protected":false},"author":1,"featured_media":0,"comment_status":"closed","ping_status":"closed","sticky":false,"template":"single-sidebar.php","format":"standard","meta":{"footnotes":""},"categories":[63],"tags":[],"class_list":["post-5142","post","type-post","status-publish","format-standard","hentry","category-news"],"_links":{"self":[{"href":"https:\/\/archivio.comune.potenza.it\/index.php?rest_route=\/wp\/v2\/posts\/5142"}],"collection":[{"href":"https:\/\/archivio.comune.potenza.it\/index.php?rest_route=\/wp\/v2\/posts"}],"about":[{"href":"https:\/\/archivio.comune.potenza.it\/index.php?rest_route=\/wp\/v2\/types\/post"}],"author":[{"embeddable":true,"href":"https:\/\/archivio.comune.potenza.it\/index.php?rest_route=\/wp\/v2\/users\/1"}],"replies":[{"embeddable":true,"href":"https:\/\/archivio.comune.potenza.it\/index.php?rest_route=%2Fwp%2Fv2%2Fcomments&post=5142"}],"version-history":[{"count":0,"href":"https:\/\/archivio.comune.potenza.it\/index.php?rest_route=\/wp\/v2\/posts\/5142\/revisions"}],"wp:attachment":[{"href":"https:\/\/archivio.comune.potenza.it\/index.php?rest_route=%2Fwp%2Fv2%2Fmedia&parent=5142"}],"wp:term":[{"taxonomy":"category","embeddable":true,"href":"https:\/\/archivio.comune.potenza.it\/index.php?rest_route=%2Fwp%2Fv2%2Fcategories&post=5142"},{"taxonomy":"post_tag","embeddable":true,"href":"https:\/\/archivio.comune.potenza.it\/index.php?rest_route=%2Fwp%2Fv2%2Ftags&post=5142"}],"curies":[{"name":"wp","href":"https:\/\/api.w.org\/{rel}","templated":true}]}}