{"id":5155,"date":"2012-05-13T11:07:44","date_gmt":"2012-05-13T09:07:44","guid":{"rendered":"http:\/\/archivio.comune.potenza.it\/comune_wp\/?p=5155"},"modified":"2012-05-13T11:07:44","modified_gmt":"2012-05-13T09:07:44","slug":"molinari-opp-su-raccolta-firme-per-area-ex-cip-zoo","status":"publish","type":"post","link":"https:\/\/archivio.comune.potenza.it\/?p=5155","title":{"rendered":"Molinari (Opp) su raccolta firme per area ex CIp Zoo"},"content":{"rendered":"<p><span style=\"font-size: small;\"><span class=\"s3\" style=\"text-align: justify; line-height: 16px;\">\u201cL<\/span><span class=\"s3\" style=\"text-align: justify; line-height: 16px;\">a raccolta firme proposta da un comitato<\/span><span class=\"s3\" style=\"text-align: justify; line-height: 16px;\"> di <\/span><span class=\"s3\" style=\"text-align: justify; line-height: 16px;\">cittadini <\/span><span class=\"s3\" style=\"text-align: justify; line-height: 16px;\">\u00e8 vista positivamente perch\u00e9 apre un dibattito sulla destinazione d\u2019uso dell\u2019area ex Cip Zoo su cui l\u2019amministrazione comunale in questi anni \u00e8 stata vaga ed incert<\/span><span class=\"s3\" style=\"text-align: justify; line-height: 16px;\">a. Cos\u00ec come tutto tace riguardo all\u2019accordo tra Asi e C<\/span><span class=\"s3\" style=\"text-align: justify; line-height: 16px;\">omune di Potenza circa la ridefinizione dei terreni dell\u2019area industriale<\/span><span class=\"s3\" style=\"text-align: justify; line-height: 16px;\">, pi\u00f9 volte annunciata negli anni scorsi ed anche qualche mese fa quando ascoltato in V commissione il commissario <\/span><span class=\"s3\" style=\"text-align: justify; line-height: 16px;\">dell\u2019Asi Donato Salvatore aveva<\/span><span class=\"s3\" style=\"text-align: justify; line-height: 16px;\"> dichiarato <\/span><span class=\"s3\" style=\"text-align: justify; line-height: 16px;\">di essere <\/span><span class=\"s3\" style=\"text-align: justify; line-height: 16px;\">pronto a firmare.<\/span><span class=\"s3\" style=\"text-align: justify; line-height: 16px;\">Lo afferma il consigliere comunale di Potenza Giuse<\/span><span class=\"s3\" style=\"text-align: justify; line-height: 16px;\">ppe Molinari che<\/span><span class=\"s3\" style=\"text-align: justify; line-height: 16px;\">ha ricordato come <\/span><span class=\"s3\" style=\"text-align: justify; line-height: 16px;\">\u201c<\/span><span class=\"s3\" style=\"text-align: justify; line-height: 16px;\">gi\u00e0 nel programma<\/span><span class=\"s3\" style=\"text-align: justify; line-height: 16px;\"> elettorale proposto i<\/span><span class=\"s3\" style=\"text-align: justify; line-height: 16px;\">n occasione della mia candidatura quell\u2019are<\/span><span class=\"s3\" style=\"text-align: justify; line-height: 16px;\">a<\/span><span class=\"s3\" style=\"text-align: justify; line-height: 16px;\"> andava innanzitutto <\/span><span class=\"s3\" style=\"text-align: justify; line-height: 16px;\">bonificata per poi delocalizzarvi lo Stadio Viviani, costruirvi un centro polisportiv<\/span><span class=\"s3\" style=\"text-align: justify; line-height: 16px;\">o e al tempo stesso un\u2019area attrezzata per concerti e manifestazioni.<\/span><span class=\"s3\" style=\"text-align: justify; line-height: 16px;\"> Delocalizzando lo stadio si sarebbe, al contempo, potuto restituire alla citt\u00e0 l\u2019area verde del Viviani.<\/span><span class=\"s3\" style=\"text-align: justify; line-height: 16px;\">Molinari evidenzia<\/span><span class=\"s3\" style=\"text-align: justify; line-height: 16px;\"> \u201c<\/span><span class=\"s3\" style=\"text-align: justify; line-height: 16px;\">che la zona della ex Cip Zoo aspetta<\/span><span class=\"s3\" style=\"text-align: justify; line-height: 16px;\"> da troppo tempo di essere valorizzata<\/span><span class=\"s3\" style=\"text-align: justify; line-height: 16px;\">, vi<\/span><span class=\"s3\" style=\"text-align: justify; line-height: 16px;\">sta anche la sua posiz<\/span><span class=\"s3\" style=\"text-align: justify; line-height: 16px;\">ione all\u2019ingresso della citt\u00e0, tra il Parco fluviale del Basento e Parco Rossellino dove gi\u00e0 esistono impianti sportiv<\/span><span class=\"s3\" style=\"text-align: justify; line-height: 16px;\">i<\/span><span class=\"s3\" style=\"text-align: justify; line-height: 16px;\">.<\/span><span class=\"s3\" style=\"text-align: justify; line-height: 16px;\">Bisogna essere consapevoli che <\/span><span class=\"s3\" style=\"text-align: justify; line-height: 16px;\">l\u2019area in questione \u00e8 <\/span><span class=\"s3\" style=\"text-align: justify; line-height: 16px;\">dell<\/span><span class=\"s3\" style=\"text-align: justify; line-height: 16px;\">a<\/span><span class=\"s3\" style=\"text-align: justify; line-height: 16px;\"> Regione<\/span><span class=\"s3\" style=\"text-align: justify; line-height: 16px;\">e che per questo<\/span><span class=\"s3\" style=\"text-align: justify; line-height: 16px;\"> il C<\/span><span class=\"s3\" style=\"text-align: justify; line-height: 16px;\">omune deve attivarsi per ridef<\/span><span class=\"s3\" style=\"text-align: justify; line-height: 16px;\">inirne bene la sua propriet\u00e0, la<\/span><span class=\"s3\" style=\"text-align: justify; line-height: 16px;\"> destinazione d\u2019uso e la funzionalit\u00e0<\/span><span class=\"s3\" style=\"text-align: justify; line-height: 16px;\">\u201d.<\/span><span class=\"s3\" style=\"text-align: justify; line-height: 16px;\">\u201cLa raccolta firme avviata a Potenza per la realizzazione del Parco del Basento \u2013 conclude Molinari- <\/span><span class=\"s3\" style=\"text-align: justify; line-height: 16px;\">\u00e8 la dimostrazione di come insieme \u00e8 possibile pensare alla nostra citt\u00e0 unendo pensieri ed idee, superando le divergenze di opinioni, per raggiungere un comune obiettivo che \u00e8 il bene di tutta la comun<\/span><span class=\"s3\" style=\"text-align: justify; line-height: 16px;\">it\u00e0<\/span><span class=\"s3\" style=\"text-align: justify; line-height: 16px;\">. Ci<\/span><span class=\"s3\" style=\"text-align: justify; line-height: 16px;\"> auguriamo <\/span><span class=\"s3\" style=\"text-align: justify; line-height: 16px;\">che nelle sedi opportune si avvi<\/span><span class=\"s3\" style=\"text-align: justify; line-height: 16px;\">i<\/span><span class=\"s3\" style=\"text-align: justify; line-height: 16px;\"> il dibattito per trovare la migliore soluzione non solo per quell\u2019area ma anche per l\u2019intera zona industriale che va restituita <\/span><span class=\"s3\" style=\"text-align: justify; line-height: 16px;\">urbanisticamente alla citt\u00e0 di P<\/span><span class=\"s3\" style=\"text-align: justify; line-height: 16px;\">otenza<\/span><span class=\"s3\" style=\"text-align: justify; line-height: 16px;\">\u201d.<\/span><\/span><\/p>\n","protected":false},"excerpt":{"rendered":"<p>\u201cLa raccolta firme proposta da un comitato di cittadini \u00e8 vista positivamente perch\u00e9 apre un dibattito sulla destinazione d\u2019uso dell\u2019area ex Cip Zoo su cui &#8230; <\/p>\n","protected":false},"author":1,"featured_media":0,"comment_status":"closed","ping_status":"closed","sticky":false,"template":"single-sidebar.php","format":"standard","meta":{"footnotes":""},"categories":[63],"tags":[],"class_list":["post-5155","post","type-post","status-publish","format-standard","hentry","category-news"],"_links":{"self":[{"href":"https:\/\/archivio.comune.potenza.it\/index.php?rest_route=\/wp\/v2\/posts\/5155"}],"collection":[{"href":"https:\/\/archivio.comune.potenza.it\/index.php?rest_route=\/wp\/v2\/posts"}],"about":[{"href":"https:\/\/archivio.comune.potenza.it\/index.php?rest_route=\/wp\/v2\/types\/post"}],"author":[{"embeddable":true,"href":"https:\/\/archivio.comune.potenza.it\/index.php?rest_route=\/wp\/v2\/users\/1"}],"replies":[{"embeddable":true,"href":"https:\/\/archivio.comune.potenza.it\/index.php?rest_route=%2Fwp%2Fv2%2Fcomments&post=5155"}],"version-history":[{"count":0,"href":"https:\/\/archivio.comune.potenza.it\/index.php?rest_route=\/wp\/v2\/posts\/5155\/revisions"}],"wp:attachment":[{"href":"https:\/\/archivio.comune.potenza.it\/index.php?rest_route=%2Fwp%2Fv2%2Fmedia&parent=5155"}],"wp:term":[{"taxonomy":"category","embeddable":true,"href":"https:\/\/archivio.comune.potenza.it\/index.php?rest_route=%2Fwp%2Fv2%2Fcategories&post=5155"},{"taxonomy":"post_tag","embeddable":true,"href":"https:\/\/archivio.comune.potenza.it\/index.php?rest_route=%2Fwp%2Fv2%2Ftags&post=5155"}],"curies":[{"name":"wp","href":"https:\/\/api.w.org\/{rel}","templated":true}]}}