{"id":5157,"date":"2012-05-14T09:06:56","date_gmt":"2012-05-14T07:06:56","guid":{"rendered":"http:\/\/archivio.comune.potenza.it\/comune_wp\/?p=5157"},"modified":"2012-05-14T09:06:56","modified_gmt":"2012-05-14T07:06:56","slug":"festivita-santo-patronoconferenza-stampa-presentazione-eventi","status":"publish","type":"post","link":"https:\/\/archivio.comune.potenza.it\/?p=5157","title":{"rendered":"Festivit\u00e0 Santo Patrono:conferenza stampa presentazione eventi"},"content":{"rendered":"<p style=\"text-align: justify;\"><span style=\"font-size: small;\">Si terr\u00e0 <strong><span style=\"text-decoration: underline;\">marted\u00ec 15 maggio con inizio alle ore 10.30<\/span><\/strong> nella Sala dell\u2019Arco di Palazzo di Citt\u00e0 la conferenza stampa di presentazione della campagna di comunicazione promossa dal Comune di Potenza in collaborazione con l\u2019APT per far conoscere e non solo nella citt\u00e0 di Potenza quanto organizzato per la festivit\u00e0 del Santo Patrono. Si parler\u00e0 quindi della Storica Parata dei Turchi e delle modalit\u00e0 del suo svolgimento, della Mostra documentaria sui Turchi che si articoler\u00e0 nelle Tre scale mobili e delle\u00a0 iniziative organizzate con\u00a0 tante associazioni nei giorni precedenti la Parata Storica dei Turchi, manifestazioni che animeranno l\u2019intero Centro storico della citt\u00e0.<\/span><\/p>\n","protected":false},"excerpt":{"rendered":"<p>Si terr\u00e0 marted\u00ec 15 maggio con inizio alle ore 10.30 nella Sala dell\u2019Arco di Palazzo di Citt\u00e0 la conferenza stampa di presentazione della campagna di &#8230; <\/p>\n","protected":false},"author":1,"featured_media":0,"comment_status":"closed","ping_status":"closed","sticky":false,"template":"single-sidebar.php","format":"standard","meta":{"footnotes":""},"categories":[63],"tags":[],"class_list":["post-5157","post","type-post","status-publish","format-standard","hentry","category-news"],"_links":{"self":[{"href":"https:\/\/archivio.comune.potenza.it\/index.php?rest_route=\/wp\/v2\/posts\/5157"}],"collection":[{"href":"https:\/\/archivio.comune.potenza.it\/index.php?rest_route=\/wp\/v2\/posts"}],"about":[{"href":"https:\/\/archivio.comune.potenza.it\/index.php?rest_route=\/wp\/v2\/types\/post"}],"author":[{"embeddable":true,"href":"https:\/\/archivio.comune.potenza.it\/index.php?rest_route=\/wp\/v2\/users\/1"}],"replies":[{"embeddable":true,"href":"https:\/\/archivio.comune.potenza.it\/index.php?rest_route=%2Fwp%2Fv2%2Fcomments&post=5157"}],"version-history":[{"count":0,"href":"https:\/\/archivio.comune.potenza.it\/index.php?rest_route=\/wp\/v2\/posts\/5157\/revisions"}],"wp:attachment":[{"href":"https:\/\/archivio.comune.potenza.it\/index.php?rest_route=%2Fwp%2Fv2%2Fmedia&parent=5157"}],"wp:term":[{"taxonomy":"category","embeddable":true,"href":"https:\/\/archivio.comune.potenza.it\/index.php?rest_route=%2Fwp%2Fv2%2Fcategories&post=5157"},{"taxonomy":"post_tag","embeddable":true,"href":"https:\/\/archivio.comune.potenza.it\/index.php?rest_route=%2Fwp%2Fv2%2Ftags&post=5157"}],"curies":[{"name":"wp","href":"https:\/\/api.w.org\/{rel}","templated":true}]}}