{"id":5164,"date":"2012-05-16T17:15:02","date_gmt":"2012-05-16T15:15:02","guid":{"rendered":"http:\/\/archivio.comune.potenza.it\/comune_wp\/?p=5164"},"modified":"2012-05-16T17:15:02","modified_gmt":"2012-05-16T15:15:02","slug":"inaugurazione-mostra-edizione-straordinaria-i-turchi-in-prima-pagina-18-maggio-ore-18","status":"publish","type":"post","link":"https:\/\/archivio.comune.potenza.it\/?p=5164","title":{"rendered":"Nelle tre scale mobili la Mostra &#8220;Edizione Straordinaria. I Turchi in prima pagina&#8221;"},"content":{"rendered":"<p>Inaugurata nelle scale mobili di Via Armellini,\u00a0 la mostra \u201cEdizione Straordinaria. I Turchi in prima pagina\u201d, direzione Scientifica Antonella Pellettieri, studio, ricerca e allestimento Simona Buono, Maria Emilia Cavaliere, Antonella Tolve, ricostruzione archivi fotografici ed editing fotografico Giacomo Silvano.La mostra \u00e8 tra le iniziative del Comitato tecnico-scientifico della Storica Parata dei Turchi in collaborazione con l\u2019Ufficio Cultura del Comune di Potenza e ripercorre duecento anni di Storica Parata dei Turchi attraverso l\u2019esposizione di documentazione proveniente dalle Emeroteche della Biblioteca Nazionale e della Biblioteca Provinciale di Potenza e dall\u2019Archivio Storico Comunale.Le fotografie appartengono all\u2019Ufficio Cultura del Comune di Potenza e ad Archivi Privati. L\u2019esposizione si prefigge l\u2019obiettivo di raccontare ai visitatori, anno dopo anno, come veniva festeggiato il Santo Patrono e come veniva organizzata la Storica Parata dei Turchi con documentazione che parte dal 1824 e arriva fino ai nostri giorni. Essa sar\u00e0 in esposizione fino al 30 giugno presso le tre Scale Mobili della Citt\u00e0 e sar\u00e0 divisa secondo un percorso cronologico ben definito: sulle Scale Mobili che portano da Viale Marconi al Centro Storico ci sar\u00e0 documentazione che va dal 1824 al 1966, sulle Scale Mobili e Ponte Attrezzato che portano da Poggio Tre Galli a Porta Salza documenti che coprono un arco temporale che va dal 1967 al 2000, sul tronco di Scale Mobili che partono da Via Armellini a Via due Torri documenti e foto degli anni 2001-2011.La mostra documentaria \u2013ha detto il Sindaco Vito Santarsiero- rappresenta per la Citt\u00e0 di Potenza un importante momento di recupero della memoria e di una parte della propria storia.La Storica Parata dei Turchi \u00e8 l\u2019occasione giusta, \u00e8 la festa pi\u00f9 importante della Citt\u00e0: lo era e lo \u00e8, come testimoniano i molti documenti esposti in questa mostra. Attraversare le scale mobili diventer\u00e0 una passeggiata in due secoli di storia: il visitatore, quasi senza accorgersi, sar\u00e0 condotto nel passato e potr\u00e0 visionare, mentre compie il suo tragitto, documenti provenienti dai giornali dell\u2019epoca che raccontano la parata, la esaltano o la criticano. Potr\u00e0 osservare e riconoscere testate giornalistiche non pi\u00f9 esistenti, leggere i nomi di giornalisti del passato e le testimonianze degli intervistati. Visitare questa mostra significa per ogni potentino rivivere il proprio passato, riconoscersi in una comune identit\u00e0, ricordare per meglio affrontare il futuro. Significa sentirsi potentino!\u201cIl certosino lavoro di ricerca condotto da Simona Buono, Maria Emillia Cavaliere e Antonella Tolve \u2013ha commentato la curatrice della mostra Antonella Pellettieri- offre un quadro spazio-temporale di grande suggestione: si ritrovano nomi e luoghi cari alla nostra memoria, si vive come in una pellicola di un film che attraversa secoli e ambienti con un unico filo conduttore.Ai 500 documenti esposti in mostra, si devono aggiungere circa 150 fotografie che coprono un arco temporale che va dal 1903 ai giorni nostri: esse appartengono ad archivi pubblici e privati .Questo lavoro rappresenta l\u2019inizio di un progetto di ricerca pi\u00f9 vasto che prevede ricerche ben mirate in altri archivi e su altre fonti: un inizio in grande stile che restituisce alla Citt\u00e0 di Potenza quadri di suggestione ed emotivit\u00e0, fa ritornare la nostra memoria alla giovent\u00f9 e alla fanciullezza, fa rimbombare nelle nostre orecchie i suoni dei tamburi e delle chiarine che annunciano l\u2019arrivo di nuovi figuranti.\u201d<\/p>\n","protected":false},"excerpt":{"rendered":"<p>Inaugurata nelle scale mobili di Via Armellini,\u00a0 la mostra \u201cEdizione Straordinaria. I Turchi in prima pagina\u201d, direzione Scientifica Antonella Pellettieri, studio, ricerca e allestimento Simona &#8230; <\/p>\n","protected":false},"author":1,"featured_media":0,"comment_status":"closed","ping_status":"closed","sticky":false,"template":"single-sidebar.php","format":"standard","meta":{"footnotes":""},"categories":[63],"tags":[],"class_list":["post-5164","post","type-post","status-publish","format-standard","hentry","category-news"],"_links":{"self":[{"href":"https:\/\/archivio.comune.potenza.it\/index.php?rest_route=\/wp\/v2\/posts\/5164"}],"collection":[{"href":"https:\/\/archivio.comune.potenza.it\/index.php?rest_route=\/wp\/v2\/posts"}],"about":[{"href":"https:\/\/archivio.comune.potenza.it\/index.php?rest_route=\/wp\/v2\/types\/post"}],"author":[{"embeddable":true,"href":"https:\/\/archivio.comune.potenza.it\/index.php?rest_route=\/wp\/v2\/users\/1"}],"replies":[{"embeddable":true,"href":"https:\/\/archivio.comune.potenza.it\/index.php?rest_route=%2Fwp%2Fv2%2Fcomments&post=5164"}],"version-history":[{"count":0,"href":"https:\/\/archivio.comune.potenza.it\/index.php?rest_route=\/wp\/v2\/posts\/5164\/revisions"}],"wp:attachment":[{"href":"https:\/\/archivio.comune.potenza.it\/index.php?rest_route=%2Fwp%2Fv2%2Fmedia&parent=5164"}],"wp:term":[{"taxonomy":"category","embeddable":true,"href":"https:\/\/archivio.comune.potenza.it\/index.php?rest_route=%2Fwp%2Fv2%2Fcategories&post=5164"},{"taxonomy":"post_tag","embeddable":true,"href":"https:\/\/archivio.comune.potenza.it\/index.php?rest_route=%2Fwp%2Fv2%2Ftags&post=5164"}],"curies":[{"name":"wp","href":"https:\/\/api.w.org\/{rel}","templated":true}]}}