{"id":5165,"date":"2012-05-16T17:16:12","date_gmt":"2012-05-16T15:16:12","guid":{"rendered":"http:\/\/archivio.comune.potenza.it\/comune_wp\/?p=5165"},"modified":"2012-05-16T17:16:12","modified_gmt":"2012-05-16T15:16:12","slug":"la-parata-dei-turchi-anche-su-satellite-e-social-network","status":"publish","type":"post","link":"https:\/\/archivio.comune.potenza.it\/?p=5165","title":{"rendered":"La Parata dei Turchi anche su satellite e social network"},"content":{"rendered":"<p>(ANSA) La diretta televisiva satellitare e la promozione e il racconto in tempo reale sui principali social network sono le novit\u00e0 pi\u00f9 importanti della &#8220;Storica Parata dei Turchi&#8221; che, con circa 900 figuranti, sfiler\u00e0 come ogni anno a Potenza la sera del 29 maggio durante le celebrazioni in onore di San Gerardo, patrono del capoluogo lucano. Stamani, in una conferenza stampa, nella Sala dell&#8217;Arco del Comune, il sindaco, Vito Santarsiero, ha illustrato i dettagli della &#8220;Parata&#8221; che, dopo il riconoscimento ricevuto l&#8217;anno scorso come &#8220;Patrimonio d&#8217;Italia per la tradizione&#8221; \u00e8 adesso in corsa per essere inserita nel &#8220;Patrimonio immateriale dell&#8217;Unesco&#8221;. &#8220;In questi anni &#8211; ha spiegato Santarsiero &#8211; abbiamo portato avanti un percorso che, con una delibera approvata dal Consiglio comunale, ha fissato tutte le modalit\u00e0 di un evento che va ben oltre i confini della nostra regione&#8221;. Il primo &#8220;importantissimo&#8221; appuntamento \u00e8 per venerd\u00ec 18 maggio, quando sar\u00e0 inaugurata la mostra documentaria &#8220;Edizione straordinaria &#8211; I Turchi in Prima pagina&#8221; che sar\u00e0 allestita nelle tre scale mobili della citt\u00e0 (viale Dante, via Armellini e Santa Lucia). &#8220;Attraverso documenti e foto dell&#8217;Archivio comunale e articoli di giornale &#8211; ha spiegato la presidente del Comitato storico-scientifico, Antonella Pellettieri &#8211; racconteremo gli ultimi due secoli della Parata, partendo dal 1824. Il materiale della mostra sar\u00e0 poi inserito in un catalogo di 300 pagine&#8221;. La sera del 29 maggio, poi, la &#8220;Parata&#8221; partir\u00e0 dallo stadio Viviani e, percorrendo, in salita, viale Marconi, viale Dante, via Vaccaro e corso Umberto, raggiunger\u00e0 il centro storico, dove vi saranno tre quadri, l&#8217;ultimo dei quali, di preghiera e di devozione, nel piazzale della Cattedrale di San Gerardo. Le fasi della &#8220;Parata&#8221; saranno ripresi dalle telecamere di &#8220;Telecolore&#8221; che sul canale 826 del bouquet di Sky trasmetter\u00e0 una diretta di due ore visibile in tutta Europa. Nelle prossime settimane, inoltre, la societ\u00e0 &#8220;Scai comunicazione&#8221; promuover\u00e0 sui social pi\u00f9 diffusi la &#8220;Parata&#8221;, che la sera del 29 maggio, sar\u00e0 raccontata in tempo reale. All&#8217;Apt (Azienda di promozione turistica), infine, come ha spiegato il dirigente Mariano Schiavone, toccher\u00e0 il compito di diffondere, attraverso tutti gli altri canali di comunicazione la manifestazione che ogni anno richiama a Potenza decine di migliaia di persone.<\/p>\n<p>In occasione delle manifestazioni in onore del patrono San Gerardo (la processione \u00e8 in programma il pomeriggio del 30 maggio), il Comune di Potenza chieder\u00e0 alle forze dell&#8217;ordine &#8220;tolleranza zero&#8221; lungo via Pretoria per la presenza dei venditori ambulanti, che dovrebbero ospitati in una zona del rione Montereale. Lo ha spiegato il sindaco, Vito Santarsiero, durante la conferenza stampa di presentazione del cartellone delle iniziative che si svolgeranno sino alla fine di maggio. &#8220;In questi giorni &#8211; ha aggiunto &#8211; faremo un sopralluogo a Montereale per capire se ci sono le condizioni per ospitare i numerosi venditori ambulanti che ogni anno arrivano a Potenza per la festa patronale&#8221;. Oltre alla Mostra sui Turchi, vi sono altre iniziative in programma prima della &#8220;Parata&#8221;, tra queste le tre serate (dal 26 al 28 maggio) del Festival internazionale della Musica Folk, organizzato dall&#8217;associazione dei &#8220;Portatori del Santo&#8221; nei pressi di piazza Bonaventura. Sempre nello spazio alla fine di via Pretoria (piazza Mario Pagano \u00e8 indisponibile a causa dei lavori di riqualificazione), il pomeriggio del 29, prima della &#8220;Parata&#8221;, ci sar\u00e0 l&#8217;ormai tradizionale &#8220;Pranzo dei Portatori&#8221;. Piazza del Sedile, invece, far\u00e0 da cornice al concerto bandistico della &#8220;Lucania Orchestra di Fiato&#8221;, la sera del 30 maggio, al termine della processione di San Gerardo per le vie del centro storico. L&#8217;associazione &#8220;Io potentino&#8221; realizzer\u00e0 due cinti per la &#8220;Parata&#8221;, mentre l&#8217;1 giugno, alla fine delle celebrazioni, nel teatro Stabile, si svolger\u00e0 l&#8217;estrazione della prima lotteria dei Turchi. (ANSA).<\/p>\n","protected":false},"excerpt":{"rendered":"<p>(ANSA) La diretta televisiva satellitare e la promozione e il racconto in tempo reale sui principali social network sono le novit\u00e0 pi\u00f9 importanti della &#8220;Storica &#8230; <\/p>\n","protected":false},"author":1,"featured_media":0,"comment_status":"closed","ping_status":"closed","sticky":false,"template":"single-sidebar.php","format":"standard","meta":{"footnotes":""},"categories":[63],"tags":[],"class_list":["post-5165","post","type-post","status-publish","format-standard","hentry","category-news"],"_links":{"self":[{"href":"https:\/\/archivio.comune.potenza.it\/index.php?rest_route=\/wp\/v2\/posts\/5165"}],"collection":[{"href":"https:\/\/archivio.comune.potenza.it\/index.php?rest_route=\/wp\/v2\/posts"}],"about":[{"href":"https:\/\/archivio.comune.potenza.it\/index.php?rest_route=\/wp\/v2\/types\/post"}],"author":[{"embeddable":true,"href":"https:\/\/archivio.comune.potenza.it\/index.php?rest_route=\/wp\/v2\/users\/1"}],"replies":[{"embeddable":true,"href":"https:\/\/archivio.comune.potenza.it\/index.php?rest_route=%2Fwp%2Fv2%2Fcomments&post=5165"}],"version-history":[{"count":0,"href":"https:\/\/archivio.comune.potenza.it\/index.php?rest_route=\/wp\/v2\/posts\/5165\/revisions"}],"wp:attachment":[{"href":"https:\/\/archivio.comune.potenza.it\/index.php?rest_route=%2Fwp%2Fv2%2Fmedia&parent=5165"}],"wp:term":[{"taxonomy":"category","embeddable":true,"href":"https:\/\/archivio.comune.potenza.it\/index.php?rest_route=%2Fwp%2Fv2%2Fcategories&post=5165"},{"taxonomy":"post_tag","embeddable":true,"href":"https:\/\/archivio.comune.potenza.it\/index.php?rest_route=%2Fwp%2Fv2%2Ftags&post=5165"}],"curies":[{"name":"wp","href":"https:\/\/api.w.org\/{rel}","templated":true}]}}