{"id":5166,"date":"2012-05-16T17:18:28","date_gmt":"2012-05-16T15:18:28","guid":{"rendered":"http:\/\/archivio.comune.potenza.it\/comune_wp\/?p=5166"},"modified":"2012-05-16T17:18:28","modified_gmt":"2012-05-16T15:18:28","slug":"l-assessore-campagna-in-quinta-commissione","status":"publish","type":"post","link":"https:\/\/archivio.comune.potenza.it\/?p=5166","title":{"rendered":"L&#8217;Assessore Campagna in Quinta Commissione"},"content":{"rendered":"<p><img loading=\"lazy\" decoding=\"async\" src=\"multimediali\/immagini\/News\/2012\/05\/quinta%20commissione.jpg\" border=\"0\" width=\"180\" height=\"150\" style=\"float: left; border: 0; margin: 10px;\" \/>\u201cUn centro congressi cittadino, la sorte dell\u2019ex Cip zoo, l\u2019ex centrale del latte, questi alcuni degli argomenti posti all\u2019ordine del giorno della seduta odierna della Quinta commissione consiliare permanente, punti sui quali chiediamo notizie all\u2019assessore all\u2019Urbanistica Pietro Campagna\u201d: questa l\u2019introduzione ai lavori dell\u2019organo consiliare effettuata dal presidente Sebastiano Papa. Nell\u2019introduzione l\u2019assessore aggiorna i presenti sugli sviluppi inerenti al Piano strutturale metropolitano, che \u201csta proseguendo il suo iter, verso la definizione di quello che \u00e8 uno strumento di pianificazione che potr\u00e0 essere utile in un ottica di finanziamenti europei. Il rallentamento registratosi \u00e8 dovuto sia alla necessit\u00e0 di far approvare i Regolamenti urbanistici dai Comuni interessati, sia a una sorta di sdoppiamento del progetto in una parte individuata con il nome di \u2018Pisus territorio\u2019, che comprende tra l\u2019altro il collegamento ferroviario tra Pantano e Avigliano svincolando Il servizio Fal da quello delle Ferrovie dello Stato. Il vero e proprio Piano strutturale, anche a seguito dell\u2019istituzioni delle \u2018Aree programma\u2019, registra qualche difficolt\u00e0. Prosegue l\u2019attuazione del Regolamento urbanistico, \u2013 ancora il vicesindaco Campagna \u2013 anche qui con le difficolt\u00e0 proprie di uno strumento innovativo, con risultati comunque positivi. Rispetto alla riappropriazione della potest\u00e0 edificatoria sulla zona occupata dalla ex Cip zoo si \u00e8 sostanzialmente a buon punto, con quella che sar\u00e0 la contestuale riperimetrazione della zona Asi e del territorio comunale. Tante le proposte per l\u2019utilizzo della zona, tutte ugualmente valide area attrezzata tra il parco fluviale e il parco Rossellino, area mercatale, area deputata allo svolgimento di grandi eventi, nodo di interscambio per il trasporto pubblico tra urbano ed extraurbano. La proposta ultima, alla presentazione della quale ho assistito ultimamente, non mi sembra rivoluzionaria, ma piuttosto ordinaria e non concordo sul fatto che possa essere la sola ad essere portata avanti. Sull\u2019ex centrale del latte, che nel passato ha visto arenarsi anche il progetto che lo individuava come \u2018incubatore d\u2019impresa\u2019, al momento non conosciamo l\u2019indirizzo che la Regione, proprietaria dell\u2019immobile, vorr\u00e0 riservare alla struttura. Concludendo rispetto al centro congressi, una delibera Cipe assegna all\u2019Universit\u00e0 di Basilicata 22 milioni di euro, 15 per residenze studentesche e 7 per la realizzazione di un centro congressi.\u00a0 Abbiamo un progetto della citt\u00e0 non si naviga assolutamente a vista, ma ci si muove secondo quelle che sono le possibilit\u00e0 che abbiamo\u201d conclude Campagna. Tra gli interventi il consigliere Giuseppe Molinari ha chiesto \u201cla sottoscrizione rapida del protocollo Comune-Asi, la delocalizzazione del Viviani pensando pi\u00f9 all\u2019ex Cip Zoo che a Lavangone\u201d. Per Roberto Lo giudice \u201c\u00e8 importante decidere se il Psm, che ormai ha 7 anni, deve avere un futuro o rimanere una chimera come vorrebbe una Regione Basilicata che dimostra una certa ostilit\u00e0. L\u2019attuazione del Ru, bene sull\u2019approvazione dei progetti, qualche criticit\u00e0 sull\u2019apertura dello strumento sui problemi della citt\u00e0, la proposta dell\u2019ex Cip zoo ne \u00e8 testimonianza. Per l\u2019aria Asi \u00e8 importante la redazione di un piano di recupero, anche rispetto a tutte le zone libere poste al suo interno. Indispensabile anche un piano di recupero per via del Gallitello. Se riusciamo a far passare il concetto di area metropolitana i finanziamenti alle citt\u00e0 coinvolte certamente giungeranno\u201d. Il consigliere Salvatore Lacerra chiede l\u2019impegno dell\u2019Amministrazione sulla \u201crealizzazione di un \u2018Palazzetto dello Sport\u2019 a Macchia Romana, idee concrete sull\u2019istituzione di una zona artigianale, il recupero dell\u2019area occupata dal Mediafor modifiche all\u2019urbanistica del centro storico, con una deroga alle prescrizioni\u201d sull\u2019ultimo punto il vicesindaco Campagna ha confermato \u201cl\u2019impegno della giunta che gi\u00e0 sta lavorando sul tema\u201d. \u201cL\u2019Amministrazione ha le idee chiare sia sulle esigenze di questa citt\u00e0 sia sul come fornire risposte efficaci \u2013 sottolinea il presidente Papa \u2013 questa mi sembra possa essere una sintesi esaustiva di quanto esposto dall\u2019assessore\u201d.<\/p>\n","protected":false},"excerpt":{"rendered":"<p>\u201cUn centro congressi cittadino, la sorte dell\u2019ex Cip zoo, l\u2019ex centrale del latte, questi alcuni degli argomenti posti all\u2019ordine del giorno della seduta odierna della &#8230; <\/p>\n","protected":false},"author":1,"featured_media":0,"comment_status":"closed","ping_status":"closed","sticky":false,"template":"single-sidebar.php","format":"standard","meta":{"footnotes":""},"categories":[63],"tags":[],"class_list":["post-5166","post","type-post","status-publish","format-standard","hentry","category-news"],"_links":{"self":[{"href":"https:\/\/archivio.comune.potenza.it\/index.php?rest_route=\/wp\/v2\/posts\/5166"}],"collection":[{"href":"https:\/\/archivio.comune.potenza.it\/index.php?rest_route=\/wp\/v2\/posts"}],"about":[{"href":"https:\/\/archivio.comune.potenza.it\/index.php?rest_route=\/wp\/v2\/types\/post"}],"author":[{"embeddable":true,"href":"https:\/\/archivio.comune.potenza.it\/index.php?rest_route=\/wp\/v2\/users\/1"}],"replies":[{"embeddable":true,"href":"https:\/\/archivio.comune.potenza.it\/index.php?rest_route=%2Fwp%2Fv2%2Fcomments&post=5166"}],"version-history":[{"count":0,"href":"https:\/\/archivio.comune.potenza.it\/index.php?rest_route=\/wp\/v2\/posts\/5166\/revisions"}],"wp:attachment":[{"href":"https:\/\/archivio.comune.potenza.it\/index.php?rest_route=%2Fwp%2Fv2%2Fmedia&parent=5166"}],"wp:term":[{"taxonomy":"category","embeddable":true,"href":"https:\/\/archivio.comune.potenza.it\/index.php?rest_route=%2Fwp%2Fv2%2Fcategories&post=5166"},{"taxonomy":"post_tag","embeddable":true,"href":"https:\/\/archivio.comune.potenza.it\/index.php?rest_route=%2Fwp%2Fv2%2Ftags&post=5166"}],"curies":[{"name":"wp","href":"https:\/\/api.w.org\/{rel}","templated":true}]}}