{"id":5191,"date":"2012-05-21T08:53:27","date_gmt":"2012-05-21T06:53:27","guid":{"rendered":"http:\/\/archivio.comune.potenza.it\/comune_wp\/?p=5191"},"modified":"2012-05-21T08:53:27","modified_gmt":"2012-05-21T06:53:27","slug":"lacerra-mal-mpa-su-situazione-di-stallo-al-comune-5866","status":"publish","type":"post","link":"https:\/\/archivio.comune.potenza.it\/?p=5191","title":{"rendered":"Dec, Fli, Mal\/Mpa, I Socialisti, Lista civica per la citt\u00e0 su situazione di stallo al Comune"},"content":{"rendered":"<p class=\"MsoNormal\" style=\"margin: 0cm 1cm 0.0001pt; text-align: justify;\">&#8220;Dopo lo strappo che ha visto l\u2019elezione, anche del Vice Presidente del Consiglio Comunale di Potenza con i voti determinanti di alcuni gruppi di maggioranza, nulla si \u00e8 mosso al di l\u00e0 di singole e sporadiche dichiarazioni di alcuni esponenti del Partito Democratico.&#8221; Cos\u00ec in una nota i gruppi \u00a0<span style=\"line-height: 150%;\">D.E.C. &#8211; F.L.I.-<\/span><span style=\"line-height: 150%;\">\u00a0 <\/span><span style=\"line-height: 150%;\">M.A.L.\/M.P.A. &#8211; I SOCIALISTI &#8211; LISTA CIVICA PER LA CITTA\u2019 nella quale si legge anche che\u00a0<\/span>&#8220;con la solita correttezza, i Consiglieri Rocco Coviello, Vito Mitro e Francesco Fanelli hanno formalizzato \u00a0le loro dimissioni confermando, anch\u2019essi, come i Capi Gruppo degli altri partiti dell\u2019Opposizione, \u00a0di non partecipare alla riunione \u00a0dell\u2019Ufficio di Presidenza \u00a0e ad ogni votazione fintantoch\u00e9 non saranno ripristinate le regole democratiche e rispettati i ruoli che le votazioni hanno, a ciascuno, assegnato.<\/p>\n<p class=\"MsoNormal\" style=\"margin: 0cm 1cm 0.0001pt; text-align: justify;\">La maggioranza al Comune di Potenza dimostra grande forza muscolare, ma scarsa visione politica e la riprova si \u00e8 avuta nella nomina di Presidenti di Commissione immediatamente dimissionati, confermando cos\u00ec una frantumazione che trova sfogo nelle attuali dichiarazioni dell\u2019I.D.V. e nel silenzio, ormai assordante e sistematico, degli alleati della maggioranza che nulla dicono nei pi\u00f9 importanti appuntamenti.<\/p>\n<p class=\"MsoNormal\" style=\"margin: 0cm 1cm 0.0001pt; text-align: justify;\">Ne sono esempi l\u2019approvazione del conto consuntivo e il dibattito sui PISUS.\u00a0<\/p>\n<p class=\"MsoNormal\" style=\"margin: 0cm 1cm 0.0001pt; text-align: justify;\">Formuliamo appello al Presidente del Consiglio Comunale, quale garante e per l\u2019esercizio delle sue funzioni istituzionali, di ripristinare la correttezza politica e tutelare l\u2019alto compito attribuito alla opposizione, permettendole di svolgere il proprio ruolo con rappresentanti\u00a0 da questa scelti.\u00a0<\/p>\n<p class=\"MsoNormal\" style=\"margin: 0cm 1cm 0.0001pt; text-align: justify;\">Chiediamo &#8211; conclude la nota- alle forze politiche di maggioranza, e per essi ai massimi esponenti regionali, una assunzione di responsabilit\u00e0 precisando che, in mancanza, saremo costretti ad attivare tutte le iniziative istituzionali concesse \u00a0per il rispetto dei ruoli e della democrazia.&#8221;<\/p>\n<p class=\"MsoNormal\" style=\"margin-top: 0cm; margin-right: 1.0cm; margin-bottom: .0001pt; margin-left: 1.0cm; text-align: justify;\">\u00a0<\/p>\n<p class=\"MsoNormal\" style=\"margin-top: 0cm; margin-right: 1.0cm; margin-bottom: .0001pt; margin-left: 1.0cm; text-align: justify;\">\u00a0<\/p>\n","protected":false},"excerpt":{"rendered":"<p>&#8220;Dopo lo strappo che ha visto l\u2019elezione, anche del Vice Presidente del Consiglio Comunale di Potenza con i voti determinanti di alcuni gruppi di maggioranza, &#8230; <\/p>\n","protected":false},"author":1,"featured_media":0,"comment_status":"closed","ping_status":"closed","sticky":false,"template":"single-sidebar.php","format":"standard","meta":{"footnotes":""},"categories":[63],"tags":[],"class_list":["post-5191","post","type-post","status-publish","format-standard","hentry","category-news"],"_links":{"self":[{"href":"https:\/\/archivio.comune.potenza.it\/index.php?rest_route=\/wp\/v2\/posts\/5191"}],"collection":[{"href":"https:\/\/archivio.comune.potenza.it\/index.php?rest_route=\/wp\/v2\/posts"}],"about":[{"href":"https:\/\/archivio.comune.potenza.it\/index.php?rest_route=\/wp\/v2\/types\/post"}],"author":[{"embeddable":true,"href":"https:\/\/archivio.comune.potenza.it\/index.php?rest_route=\/wp\/v2\/users\/1"}],"replies":[{"embeddable":true,"href":"https:\/\/archivio.comune.potenza.it\/index.php?rest_route=%2Fwp%2Fv2%2Fcomments&post=5191"}],"version-history":[{"count":0,"href":"https:\/\/archivio.comune.potenza.it\/index.php?rest_route=\/wp\/v2\/posts\/5191\/revisions"}],"wp:attachment":[{"href":"https:\/\/archivio.comune.potenza.it\/index.php?rest_route=%2Fwp%2Fv2%2Fmedia&parent=5191"}],"wp:term":[{"taxonomy":"category","embeddable":true,"href":"https:\/\/archivio.comune.potenza.it\/index.php?rest_route=%2Fwp%2Fv2%2Fcategories&post=5191"},{"taxonomy":"post_tag","embeddable":true,"href":"https:\/\/archivio.comune.potenza.it\/index.php?rest_route=%2Fwp%2Fv2%2Ftags&post=5191"}],"curies":[{"name":"wp","href":"https:\/\/api.w.org\/{rel}","templated":true}]}}