{"id":5193,"date":"2012-05-21T10:56:46","date_gmt":"2012-05-21T08:56:46","guid":{"rendered":"http:\/\/archivio.comune.potenza.it\/comune_wp\/?p=5193"},"modified":"2012-05-21T10:56:46","modified_gmt":"2012-05-21T08:56:46","slug":"becce-pdl-su-attentato-brindisi","status":"publish","type":"post","link":"https:\/\/archivio.comune.potenza.it\/?p=5193","title":{"rendered":"Becce (PDL) su attentato Brindisi"},"content":{"rendered":"<p style=\"margin: 0cm; margin-bottom: .0001pt; text-align: justify; line-height: 12.0pt; background: white;\">&#8220;Incredulit\u00e0, sgomento, indignazione ho provato, quando ho sentito per radio la notizia del barbaro attentato a Brindisi.<span style=\"background-color: white; line-height: 12pt;\">Colpire una scuola \u00e8 agghiacciante perch\u00e8 seppur con indagini in corso dalla dinamica e dai ritrovamenti di un telecomando per attuare l\u2019esplosione \u00e8 chiara la criminale e disumana volont\u00e0 di uccidere ragazzi innocenti.&#8221; Cos\u00ec il consigliere del PDL Nicola Becce il quale aggiunge &#8220;i<\/span><span style=\"background-color: white; line-height: 12pt;\">l mio commento a caldo nasce per la vicinanza ai genitori dei ragazzi, essendo anche io un genitore, e provo dolore al pensiero di chi ora piange una figlia tolta al mondo da una mano criminale e di chi spera e prega per la giovane ragazza operata d\u2019urgenza. Non nego che come genitore in una seppur tranquilla citt\u00e0 quale \u00e8 Potenza, ora provo timore per questo aumentare di rabbia sociale, dolore, episodi di violenza. Alla Magistratura ed alle forze inquirenti il compito di capire e comprendere i motivi bestiali di questo folle e inumano atto; ma qualunque sia la matrice, la mano assassina bisogna dire un basta alla violenza ed alla illegalit\u00e0. Come uomo delle Istituzioni, seppur semplice consigliere comunale delle Citt\u00e0 di Potenza lascio un appello a me stesso e ai miei concittadini d ai lucani. Riflettiamo su quanto accaduto, non pensiamo che da noi non potrebbe succedere mai: oggi dobbiamo essere tutti brindisini ed anche domani e dopo domani.<\/span><\/p>\n<p style=\"margin: 0cm; margin-bottom: .0001pt; text-align: justify; line-height: 12.0pt; background: white;\">Anche noi lucani &#8211; conclude- dobbiamo gridare lo sdegno di quanto accaduto e dobbiamo reagire con i dovuti strumenti: condanna della illegalit\u00e0, condanna della violenza da qualunque parte arrivi e rafforzare e difendere sempre le Istituzioni partendo da quelle primarie: Famiglia e Scuola.&#8221;<\/p>\n<p style=\"margin: 0cm; margin-bottom: .0001pt; text-align: justify; line-height: 12.0pt; background: white;\">\u00a0<\/p>\n","protected":false},"excerpt":{"rendered":"<p>&#8220;Incredulit\u00e0, sgomento, indignazione ho provato, quando ho sentito per radio la notizia del barbaro attentato a Brindisi.Colpire una scuola \u00e8 agghiacciante perch\u00e8 seppur con indagini &#8230; <\/p>\n","protected":false},"author":1,"featured_media":0,"comment_status":"closed","ping_status":"closed","sticky":false,"template":"single-sidebar.php","format":"standard","meta":{"footnotes":""},"categories":[63],"tags":[],"class_list":["post-5193","post","type-post","status-publish","format-standard","hentry","category-news"],"_links":{"self":[{"href":"https:\/\/archivio.comune.potenza.it\/index.php?rest_route=\/wp\/v2\/posts\/5193"}],"collection":[{"href":"https:\/\/archivio.comune.potenza.it\/index.php?rest_route=\/wp\/v2\/posts"}],"about":[{"href":"https:\/\/archivio.comune.potenza.it\/index.php?rest_route=\/wp\/v2\/types\/post"}],"author":[{"embeddable":true,"href":"https:\/\/archivio.comune.potenza.it\/index.php?rest_route=\/wp\/v2\/users\/1"}],"replies":[{"embeddable":true,"href":"https:\/\/archivio.comune.potenza.it\/index.php?rest_route=%2Fwp%2Fv2%2Fcomments&post=5193"}],"version-history":[{"count":0,"href":"https:\/\/archivio.comune.potenza.it\/index.php?rest_route=\/wp\/v2\/posts\/5193\/revisions"}],"wp:attachment":[{"href":"https:\/\/archivio.comune.potenza.it\/index.php?rest_route=%2Fwp%2Fv2%2Fmedia&parent=5193"}],"wp:term":[{"taxonomy":"category","embeddable":true,"href":"https:\/\/archivio.comune.potenza.it\/index.php?rest_route=%2Fwp%2Fv2%2Fcategories&post=5193"},{"taxonomy":"post_tag","embeddable":true,"href":"https:\/\/archivio.comune.potenza.it\/index.php?rest_route=%2Fwp%2Fv2%2Ftags&post=5193"}],"curies":[{"name":"wp","href":"https:\/\/api.w.org\/{rel}","templated":true}]}}