{"id":5198,"date":"2012-05-21T11:48:29","date_gmt":"2012-05-21T09:48:29","guid":{"rendered":"http:\/\/archivio.comune.potenza.it\/comune_wp\/?p=5198"},"modified":"2012-05-21T11:48:29","modified_gmt":"2012-05-21T09:48:29","slug":"de-rosa-ampliata-area-camper-in-occasione-della-parata-dei-turchi","status":"publish","type":"post","link":"https:\/\/archivio.comune.potenza.it\/?p=5198","title":{"rendered":"De Rosa: ampliata area camper in occasione della Parata dei Turchi"},"content":{"rendered":"<p style=\"text-align: justify;\"><span style=\"font-size: 12.0pt; font-family: 'Times New Roman','serif';\">\u201cLa nostra citt\u00e0 \u00e8 un crogiuolo di risorse, sovente poco conosciute persino a noi stessi potentini. La Parata dei Turchi pu\u00f2 e deve essere un occasione per esportare la nostra cultura al di l\u00e0 dei confini territoriali e, offrire ai camperisti la possibilit\u00e0 di assistere a questo evento, va proprio in questa direzione\u201d cos\u00ec l\u2019assessore al Turismo Luciano De Rosa spiega l\u2019iniziativa dell\u2019Amministrazione comunale di ampliare l\u2019utilizzo dell\u2019area camper situata in piazza Zara in occasione della manifestazione in programma il prossimo 29 maggio, area nei pressi della quale sar\u00e0 allestito un presidio della Croce rossa, per assistenza ma anche per fornire informazioni sulla Parata. \u201cL\u2019idea \u2013 prosegue l\u2019assessore \u2013 \u00e8 quella di ampliare l\u2019utilizzo della zona di sosta nel periodo compreso tra il 25 e il 30 maggio, cos\u00ec da consentire ai turisti di questo particolare tipo di vacanza, di poter apprezzare, magari con una visita che si protragga per pi\u00f9 giorni, i molteplici aspetti del capoluogo di regione della Basilicata\u201d. L\u2019assessorato al Turismo intende sviluppare il turismo itinerante e, in quest\u2019ottica, ha proposto di visitare la citt\u00e0 a oltre 100 associazioni di camperisti del centro-sud Italia. Preparati alcuni volantini attraverso i quali il Comune informa gli ospiti delle mete pi\u00f9 interessanti presenti in citt\u00e0, un itinerario turistico\u00a0 diviso in 16 tappe, dalle chiese ai palazzi storici, dai monumenti ai siti culturali. Informazioni anche di tipo gastronomico, con un men\u00f9 turistico, nei ristoranti del centro, che a 18 euro consente di gustare i piatti e i prodotti tipici locali, e per lo shopping con la \u2018Potenzacitycard\u2019 utile per ottenere sconti nei 150 esercizi commerciali della parte antica della citt\u00e0. \u00a0<\/span><span style=\"font-size: 12.0pt; font-family: 'Times New Roman','serif'; mso-fareast-language: IT; mso-bidi-font-weight: bold;\">Sia la tessera per gli sconti che la<\/span><span style=\"font-size: 12.0pt; font-family: 'Times New Roman','serif'; mso-fareast-language: IT;\"> mappa con il percorso guidato sono disponibili gratuitamente presso lo Sportello I.A.T del Comune di Potenza di piazza Matteotti e sempre lo Sportello di informazioni e assistenza turistica pu\u00f2 fornire ulteriori chiarimenti ai recapiti tel.\/fax 0971 415003 &#8211; e-mail: <a href=\"mailto:turismo@comune.potenza.itm\">turismo@comune.potenza.itm<\/a> \u201cLa Parata dei Turchi ha ottenuto a luglio dello scorso anno il riconoscimento del ministero del Turismo di Patrimonio d\u2019Italia per la tradizione \u2013 conclude De Rosa \u2013 e si sono avviate le procedure per perseguire l\u2019altro ambitissimo traguardo di \u2018Patrimonio immateriale dell\u2019Unesco\u2019. Uno scrigno che continua a renderci orgogliosi e la cui ricchezza dovr\u00e0 essere a disposizione di tutti\u201d.\u00a0<\/span><\/p>\n<p style=\"text-align: justify;\">\u00a0<\/p>\n","protected":false},"excerpt":{"rendered":"<p>\u201cLa nostra citt\u00e0 \u00e8 un crogiuolo di risorse, sovente poco conosciute persino a noi stessi potentini. La Parata dei Turchi pu\u00f2 e deve essere un &#8230; <\/p>\n","protected":false},"author":1,"featured_media":0,"comment_status":"closed","ping_status":"closed","sticky":false,"template":"single-sidebar.php","format":"standard","meta":{"footnotes":""},"categories":[63],"tags":[],"class_list":["post-5198","post","type-post","status-publish","format-standard","hentry","category-news"],"_links":{"self":[{"href":"https:\/\/archivio.comune.potenza.it\/index.php?rest_route=\/wp\/v2\/posts\/5198"}],"collection":[{"href":"https:\/\/archivio.comune.potenza.it\/index.php?rest_route=\/wp\/v2\/posts"}],"about":[{"href":"https:\/\/archivio.comune.potenza.it\/index.php?rest_route=\/wp\/v2\/types\/post"}],"author":[{"embeddable":true,"href":"https:\/\/archivio.comune.potenza.it\/index.php?rest_route=\/wp\/v2\/users\/1"}],"replies":[{"embeddable":true,"href":"https:\/\/archivio.comune.potenza.it\/index.php?rest_route=%2Fwp%2Fv2%2Fcomments&post=5198"}],"version-history":[{"count":0,"href":"https:\/\/archivio.comune.potenza.it\/index.php?rest_route=\/wp\/v2\/posts\/5198\/revisions"}],"wp:attachment":[{"href":"https:\/\/archivio.comune.potenza.it\/index.php?rest_route=%2Fwp%2Fv2%2Fmedia&parent=5198"}],"wp:term":[{"taxonomy":"category","embeddable":true,"href":"https:\/\/archivio.comune.potenza.it\/index.php?rest_route=%2Fwp%2Fv2%2Fcategories&post=5198"},{"taxonomy":"post_tag","embeddable":true,"href":"https:\/\/archivio.comune.potenza.it\/index.php?rest_route=%2Fwp%2Fv2%2Ftags&post=5198"}],"curies":[{"name":"wp","href":"https:\/\/api.w.org\/{rel}","templated":true}]}}