{"id":5199,"date":"2012-05-21T11:54:54","date_gmt":"2012-05-21T09:54:54","guid":{"rendered":"http:\/\/archivio.comune.potenza.it\/comune_wp\/?p=5199"},"modified":"2012-05-21T11:54:54","modified_gmt":"2012-05-21T09:54:54","slug":"potenza-sara-sede-del-31-convegno-nazionale-gruppo-geofisica","status":"publish","type":"post","link":"https:\/\/archivio.comune.potenza.it\/?p=5199","title":{"rendered":"Potenza sar\u00e0 sede del 31\u00b0 convegno nazionale gruppo geofisica"},"content":{"rendered":"<p><span style=\"font-family: 'Times New Roman', serif; font-size: 12pt;\">Si terr\u00e0 a Potenza dal 19 al 23 novembre prossimi il 31\u00b0 convegno nazionale del Gruppo nazionale di geofisica della Terra solida.<\/span><span style=\"font-family: 'Times New Roman', serif; font-size: 12pt;\">Il capoluogo di regione \u00e8 l\u2019unica citt\u00e0 italiana, dopo Roma e Trieste ad ospitare un convegno di questo tipo e la scelta \u00e8 venuta dopo il sopralluogo<\/span><span style=\"font-family: 'Times New Roman', serif; font-size: 12pt;\">\u00a0 <\/span><span style=\"font-family: 'Times New Roman', serif; font-size: 12pt;\">che il Comitato organizzatore ha tenuto a Potenza visionando anche il Teatro Stabile<\/span><span style=\"font-family: 'Times New Roman', serif; font-size: 12pt;\">\u00a0 <\/span><span style=\"font-family: 'Times New Roman', serif; font-size: 12pt;\">ai fini della compatibilit\u00e0 logistica.<\/span><span style=\"font-family: 'Times New Roman', serif; font-size: 12pt;\">La sede di Potenza era stata proposta<\/span><span style=\"font-family: 'Times New Roman', serif; font-size: 12pt;\">\u00a0 <\/span><span style=\"font-family: 'Times New Roman', serif; font-size: 12pt;\">dai Professori Masi e Mucciarelli, membri del gruppo nazionale e docenti presso la Universit\u00e0 degli Studi di Basilicata, anche in considerazione degli studi che si effettuano nella nostra regione.<\/span><span style=\"font-family: 'Times New Roman', serif; font-size: 12pt;\">Il Comitato organizzatore aveva anche incontrato il Sindaco di Potenza, Vito Santarsiero, che aveva ribadito l\u2019interesse e la disponibilit\u00e0 ad ospitare il prestigioso evento.<\/span><span style=\"font-family: 'Times New Roman', serif; font-size: 12pt;\">Al convegno parteciperanno oltre 300 esperti provenienti da ogni parte d\u2019Italia e anche dall\u2019estero. Negli incontri che sono seguiti alla ufficializzazione della manifestazione sono state gi\u00e0 affrontate le prime questioni logistiche che riguardano la modalit\u00e0 di arrivo a Potenza<\/span><span style=\"font-family: 'Times New Roman', serif; font-size: 12pt;\">\u00a0 <\/span><span style=\"font-family: 'Times New Roman', serif; font-size: 12pt;\">dei partecipanti, nonch\u00e9 le iniziative culturali e le visite tecniche parallele da proporsi nella settimana.<\/span><span style=\"font-family: 'Times New Roman', serif; font-size: 12pt;\">In merito alle caratteristiche scientifiche del convegno i professori Masi e Mucciarelli hanno ribadito come questo sia l\u2019unico convegno<\/span><span style=\"font-family: 'Times New Roman', serif; font-size: 12pt;\">\u00a0 <\/span><span style=\"font-family: 'Times New Roman', serif; font-size: 12pt;\">in Italia in cui si ritrovano insieme ricercatori, studiosi e professionisti a discutere di temi di grande interesse per la nostra regione quali il rischio sismico e le esplorazioni petrolifere. Masi e Mucciarelli hanno anche sottolineato<\/span><span style=\"font-family: 'Times New Roman', serif; font-size: 12pt;\">\u00a0 <\/span><span style=\"font-family: 'Times New Roman', serif; font-size: 12pt;\">l\u2019assoluto<\/span><span style=\"font-family: 'Times New Roman', serif; font-size: 12pt;\">\u00a0 <\/span><span style=\"font-family: 'Times New Roman', serif; font-size: 12pt;\">valore scientifico<\/span><span style=\"font-family: 'Times New Roman', serif; font-size: 12pt;\">\u00a0 <\/span><span style=\"font-family: 'Times New Roman', serif; font-size: 12pt;\">del convegno e la gratuit\u00e0 della partecipazione ad esso che garantisce presenze non solo qualificate ma anche di giovani generazioni di studiosi.<\/span><span style=\"font-family: 'Times New Roman', serif; font-size: 12pt;\">Per il Sindaco di Potenza, Vito Santarsiero, \u201c\u00e8 motivo di grande prestigio e orgoglio<\/span><span style=\"font-family: 'Times New Roman', serif; font-size: 12pt;\">\u00a0 <\/span><span style=\"font-family: 'Times New Roman', serif; font-size: 12pt;\">ospitare un evento di questa portata. E\u2019 la riprova della qualit\u00e0 della nostra Universit\u00e0 e del riconoscimento al lavoro svolto dai suoi docenti. Per Potenza .-ha aggiunto- \u00e8 l\u2019occasione per proporsi come riferimento scientifico<\/span><span style=\"font-family: 'Times New Roman', serif; font-size: 12pt;\">\u00a0 <\/span><span style=\"font-family: 'Times New Roman', serif; font-size: 12pt;\">nazionale e internazionale nonch\u00e9 per far meglio conoscere il suo centro e le sue peculiarit\u00e0 storiche e architettoniche.\u201d<\/span><span style=\"font-family: 'Times New Roman', serif; font-size: 12pt;\">Il Comitato organizzatore, nei giorni di sopralluogo, apprezz\u00f2 molto il centro storico, l\u2019originale sistema dei collegamenti verticali e la forte disponibilit\u00e0 dell\u2019Amministrazione comunale.<\/span><\/p>\n","protected":false},"excerpt":{"rendered":"<p>Si terr\u00e0 a Potenza dal 19 al 23 novembre prossimi il 31\u00b0 convegno nazionale del Gruppo nazionale di geofisica della Terra solida.Il capoluogo di regione &#8230; <\/p>\n","protected":false},"author":1,"featured_media":0,"comment_status":"closed","ping_status":"closed","sticky":false,"template":"single-sidebar.php","format":"standard","meta":{"footnotes":""},"categories":[63],"tags":[],"class_list":["post-5199","post","type-post","status-publish","format-standard","hentry","category-news"],"_links":{"self":[{"href":"https:\/\/archivio.comune.potenza.it\/index.php?rest_route=\/wp\/v2\/posts\/5199"}],"collection":[{"href":"https:\/\/archivio.comune.potenza.it\/index.php?rest_route=\/wp\/v2\/posts"}],"about":[{"href":"https:\/\/archivio.comune.potenza.it\/index.php?rest_route=\/wp\/v2\/types\/post"}],"author":[{"embeddable":true,"href":"https:\/\/archivio.comune.potenza.it\/index.php?rest_route=\/wp\/v2\/users\/1"}],"replies":[{"embeddable":true,"href":"https:\/\/archivio.comune.potenza.it\/index.php?rest_route=%2Fwp%2Fv2%2Fcomments&post=5199"}],"version-history":[{"count":0,"href":"https:\/\/archivio.comune.potenza.it\/index.php?rest_route=\/wp\/v2\/posts\/5199\/revisions"}],"wp:attachment":[{"href":"https:\/\/archivio.comune.potenza.it\/index.php?rest_route=%2Fwp%2Fv2%2Fmedia&parent=5199"}],"wp:term":[{"taxonomy":"category","embeddable":true,"href":"https:\/\/archivio.comune.potenza.it\/index.php?rest_route=%2Fwp%2Fv2%2Fcategories&post=5199"},{"taxonomy":"post_tag","embeddable":true,"href":"https:\/\/archivio.comune.potenza.it\/index.php?rest_route=%2Fwp%2Fv2%2Ftags&post=5199"}],"curies":[{"name":"wp","href":"https:\/\/api.w.org\/{rel}","templated":true}]}}