{"id":5200,"date":"2012-05-21T12:21:14","date_gmt":"2012-05-21T10:21:14","guid":{"rendered":"http:\/\/archivio.comune.potenza.it\/comune_wp\/?p=5200"},"modified":"2012-05-21T12:21:14","modified_gmt":"2012-05-21T10:21:14","slug":"cidi-presenta-progetti-per-s-gerardo-2013","status":"publish","type":"post","link":"https:\/\/archivio.comune.potenza.it\/?p=5200","title":{"rendered":"Cidi presenta progetti per S.Gerardo 2013"},"content":{"rendered":"<p style=\"text-align: justify;\">Il Cidi di Potenza, d\u2019intesa con il Comune di Potenza ed il Comitato Tecnico \u2013 Scientifico della Storica Parata dei Turchi, propone alle Istituzioni Scolastiche di ogni ordine e grado della Citt\u00e0 un piano di attivit\u00e0 da svolgersi nel corso del prossimo anno scolastico in preparazione della celebrazione della festivit\u00e0 del Santo Patrono a maggio 2013. In particolare, si vuole sollecitare l\u2019attenzione delle scuole in questa fase finale dell\u2019anno scolastico perch\u00e9, nella revisione e nell\u2019aggiornamento dei Piani dell\u2019Offerta Formativa che verranno approvati a settembre 2012, si inserisca nelle attivit\u00e0 e nei progetti la partecipazione al concorso, agli incontri e ai laboratori previsti per la riproposizione dello spettacolo\u201c<em>Mamma, Li Turchi!<\/em>\u201d, svoltosi a maggio 2004.<\/p>\n<ul>\n<li class=\"MsoNormal\" style=\"text-align: justify;\"><strong><em>\u201c\u2026 prima e dopo San Gerardo \u2026\u201d <\/em><\/strong><span style=\"text-decoration: underline;\">Bando di concorso<\/span> sulla figura di San Gerardo Vescovo, Patrono della Citt\u00e0, rivolto agli alunni e ai docenti delle scuole di ogni ordine e grado della Citt\u00e0. Attraverso il concorso si vuole ricostruire la figura di San Gerardo La Porta con la consultazione di documenti relativi alla sua storia, a quella del suo vescovado e alla sua assunzione a Santo: obiettivo primario quello di dare agli studenti l\u2019occasione di svolgere percorsi di ricerca di microstoria locale inserita nel pi\u00f9 vasto contesto storico medievale. Da settembre 2012 a maggio 2013.<\/li>\n<li style=\"text-align: justify;\">\u00a0\u201c<strong><em>\u2026 intorno a San Gerardo \u2026<\/em><\/strong>\u201d: ricostruire con <span style=\"text-decoration: underline;\">incontri specifici di approfondimento<\/span> e con l\u2019ausilio di esperti 1) la toponomastica legata a San Gerardo; 2) i testi a base della Storica Parata; 3) il testo prodotto dal Cidi di Potenza e dall\u2019Archivio di Stato di Potenza \u201c<em>Una \u2018Sfilata\u2019 di documenti<\/em>\u201d e pubblicato nel 2005: diffusione nelle scuole e nelle librerie della Citt\u00e0. Da ottobre 2012 a maggio 2013.<\/li>\n<li style=\"text-align: justify;\"><span style=\"text-align: justify;\">Riproposizione dello <\/span><span style=\"text-align: justify; text-decoration: underline;\">spettacolo \u201c<strong><em>Mamma, Li Turchi!<\/em><\/strong>\u201d<\/span><span style=\"text-align: justify;\"> realizzato dal Cidi di Potenza nel 2004 (Centro Sociale di Malvaccaro, 26 maggio) a conclusione del laboratorio biennale di ricerca storico\/antropologico avviato nel 2002, d\u2019intesa con l\u2019Assessorato alla Cultura del Comune di Potenza, con la \u201c<\/span><em style=\"text-align: justify;\">Mostra fotografica\u00a0 sulla Sfilata storica dei Turchi<\/em><span style=\"text-align: justify;\">\u201d (Cappella dei Celestini, giugno 2002): si prevede di riprendere il copione gi\u00e0 scritto con gli alunni di due scuole medie della Citt\u00e0 che parteciparono al progetto e di effettuare l\u2019attualizzazione relativa alla Storica Parata dei Turchi attraverso un laboratorio di scrittura e un laboratorio teatrale nelle scuole che vorranno aderire al progetto. Da settembre 2012 a maggio 2013.<\/span><\/li>\n<\/ul>\n<p>\u00a0<\/p>\n","protected":false},"excerpt":{"rendered":"<p>Il Cidi di Potenza, d\u2019intesa con il Comune di Potenza ed il Comitato Tecnico \u2013 Scientifico della Storica Parata dei Turchi, propone alle Istituzioni Scolastiche &#8230; <\/p>\n","protected":false},"author":1,"featured_media":0,"comment_status":"closed","ping_status":"closed","sticky":false,"template":"single-sidebar.php","format":"standard","meta":{"footnotes":""},"categories":[63],"tags":[],"class_list":["post-5200","post","type-post","status-publish","format-standard","hentry","category-news"],"_links":{"self":[{"href":"https:\/\/archivio.comune.potenza.it\/index.php?rest_route=\/wp\/v2\/posts\/5200"}],"collection":[{"href":"https:\/\/archivio.comune.potenza.it\/index.php?rest_route=\/wp\/v2\/posts"}],"about":[{"href":"https:\/\/archivio.comune.potenza.it\/index.php?rest_route=\/wp\/v2\/types\/post"}],"author":[{"embeddable":true,"href":"https:\/\/archivio.comune.potenza.it\/index.php?rest_route=\/wp\/v2\/users\/1"}],"replies":[{"embeddable":true,"href":"https:\/\/archivio.comune.potenza.it\/index.php?rest_route=%2Fwp%2Fv2%2Fcomments&post=5200"}],"version-history":[{"count":0,"href":"https:\/\/archivio.comune.potenza.it\/index.php?rest_route=\/wp\/v2\/posts\/5200\/revisions"}],"wp:attachment":[{"href":"https:\/\/archivio.comune.potenza.it\/index.php?rest_route=%2Fwp%2Fv2%2Fmedia&parent=5200"}],"wp:term":[{"taxonomy":"category","embeddable":true,"href":"https:\/\/archivio.comune.potenza.it\/index.php?rest_route=%2Fwp%2Fv2%2Fcategories&post=5200"},{"taxonomy":"post_tag","embeddable":true,"href":"https:\/\/archivio.comune.potenza.it\/index.php?rest_route=%2Fwp%2Fv2%2Ftags&post=5200"}],"curies":[{"name":"wp","href":"https:\/\/api.w.org\/{rel}","templated":true}]}}