{"id":5203,"date":"2012-05-21T17:14:10","date_gmt":"2012-05-21T15:14:10","guid":{"rendered":"http:\/\/archivio.comune.potenza.it\/comune_wp\/?p=5203"},"modified":"2012-05-21T17:14:10","modified_gmt":"2012-05-21T15:14:10","slug":"questione-rifiuti-lovallo-e-iacobuzio-in-risposta-a-ola","status":"publish","type":"post","link":"https:\/\/archivio.comune.potenza.it\/?p=5203","title":{"rendered":"Questione rifiuti:Lovallo e Iacobuzio in risposta a Ola"},"content":{"rendered":"<p style=\"text-align: justify;\">\u201cL&#8217;Organizzazione lucana ambientalista (Ola) dimostra di essere molto disinformata su fatti e situazioni e vuole strumentalizzare una vicenda, quella dei rifiuti, molto complessa.\u201dLo dichiarano l\u2019assessore all\u2019ambiente del Comune di Potenza Nicola Lovallo ed il Presidente dell\u2019Acta, Domenico Iacobuzio, aggiungendo che \u201cActa e Comune sono impegnati per ridurre al minimo ogni disagio. Come \u00e8 noto la vicenda \u00e8 essenzialmente connessa alla mancata disponibilit\u00e0 di poter conferire tutti i rifiuti presso la stazione trasferenza di Tito a causa di una riduzione dei quantitativi da trasportare presso i siti di recapito finale la cui individuazione e programmazione non dipendono dal Comune di Potenza.Circa la raccolta differenziata \u2013aggiungono- si puntualizza che a fronte di una media regionale pari a circa il 15%, la citt\u00e0 di Potenza ha ormai stabilmente raggiunto una percentuale del 28% ed ha gi\u00e0 approvato il progetto CONAI per la raccolta differenziata di tipo domiciliare, in attesa di finanziamento, che prevede il raggiungimento di una percentuale del 65%.\u201d<\/p>\n","protected":false},"excerpt":{"rendered":"<p>\u201cL&#8217;Organizzazione lucana ambientalista (Ola) dimostra di essere molto disinformata su fatti e situazioni e vuole strumentalizzare una vicenda, quella dei rifiuti, molto complessa.\u201dLo dichiarano l\u2019assessore &#8230; <\/p>\n","protected":false},"author":1,"featured_media":0,"comment_status":"closed","ping_status":"closed","sticky":false,"template":"single-sidebar.php","format":"standard","meta":{"footnotes":""},"categories":[63],"tags":[],"class_list":["post-5203","post","type-post","status-publish","format-standard","hentry","category-news"],"_links":{"self":[{"href":"https:\/\/archivio.comune.potenza.it\/index.php?rest_route=\/wp\/v2\/posts\/5203"}],"collection":[{"href":"https:\/\/archivio.comune.potenza.it\/index.php?rest_route=\/wp\/v2\/posts"}],"about":[{"href":"https:\/\/archivio.comune.potenza.it\/index.php?rest_route=\/wp\/v2\/types\/post"}],"author":[{"embeddable":true,"href":"https:\/\/archivio.comune.potenza.it\/index.php?rest_route=\/wp\/v2\/users\/1"}],"replies":[{"embeddable":true,"href":"https:\/\/archivio.comune.potenza.it\/index.php?rest_route=%2Fwp%2Fv2%2Fcomments&post=5203"}],"version-history":[{"count":0,"href":"https:\/\/archivio.comune.potenza.it\/index.php?rest_route=\/wp\/v2\/posts\/5203\/revisions"}],"wp:attachment":[{"href":"https:\/\/archivio.comune.potenza.it\/index.php?rest_route=%2Fwp%2Fv2%2Fmedia&parent=5203"}],"wp:term":[{"taxonomy":"category","embeddable":true,"href":"https:\/\/archivio.comune.potenza.it\/index.php?rest_route=%2Fwp%2Fv2%2Fcategories&post=5203"},{"taxonomy":"post_tag","embeddable":true,"href":"https:\/\/archivio.comune.potenza.it\/index.php?rest_route=%2Fwp%2Fv2%2Ftags&post=5203"}],"curies":[{"name":"wp","href":"https:\/\/api.w.org\/{rel}","templated":true}]}}