{"id":5208,"date":"2012-05-22T08:14:01","date_gmt":"2012-05-22T06:14:01","guid":{"rendered":"http:\/\/archivio.comune.potenza.it\/comune_wp\/?p=5208"},"modified":"2012-05-22T08:14:01","modified_gmt":"2012-05-22T06:14:01","slug":"sindaco-e-prefetto-consegnano-onorificenza-in-memoria-foibe","status":"publish","type":"post","link":"https:\/\/archivio.comune.potenza.it\/?p=5208","title":{"rendered":"Sindaco e Prefetto consegnano onorificenza in memoria Foibe"},"content":{"rendered":"<p style=\"text-align: justify;\"><img decoding=\"async\" src=\"images\/phocagallery\/onorificenza.jpg\" border=\"0\" style=\"float: left; margin: 10px;\" \/>Solo qualche mese fa, in occasione dell\u2019anniversario delle Foibe, il Sindaco di Potenza Vito Santarsiero ed il Prefetto di Potenza, Antonio Nunziante, avevano consegnato a Domenico Summa, figlio di Donato Summa nato nel 1906 e morto il 14 gennaio del 1944 a Fianona di Pola, vittima delle foibe, una medaglia alla memoria per ricordare una tragedia che\u00a0 ha riguardato anche molti lucani e che per troppo tempo \u00e8 stata sottaciuta o peggio ignorata. Sindaco e Prefetto, che si erano recati a casa dell\u2019anziano potentino, gli avevano promesso che a breve si sarebbero rivisti per consegnargli il riconoscimento a firma del Presidente della Repubblica. E cos\u00ec ieri nella Sala dell\u2019Arco del Palazzo di Citt\u00e0 la consegna ufficiale della pergamena sulla quale \u00e8 scritto: \u201ca Donato Summa, nativo di Picerno, contadino, catturato dai partigiani titini, fucilato ed occultato in una grotta il 14 gennaio 1944.\u201d Una cerimonia sobria quella di ieri ma piena di commozione alla presenza dei familiari tutti.\u201cIl sacrificio di Donato Summa \u2013ha detto il Sindaco di Potenza, Vito Santarsiero- deve essere di esempio in un momento nel quale abbiamo sempre pi\u00f9 bisogno nel nostro Paese di valori per i quali si \u00e8 combattuto quali la \u00a0libert\u00e0, la democrazia, il rispetto delle persone, la giustizia che deve sempre imporsi e la verit\u00e0 che deve sempre emergere. Valori che devono levarsi anche attraverso le sensibilit\u00e0 che lo Stato porta sul territorio, quelle che arrivano a noi oggi tramite le persone pi\u00f9 vicine ed esattamente i nostri Prefetti. Quello che rivendichiamo da tempo \u2013ha aggiunto- e cio\u00e8 il ruolo forte degli Enti locali non pu\u00f2 essere un momento di disgregazione del Paese, ma un momento nel quale esso cresce in un disegno unitario. E chi rappresenta il momento di unione fondamentale con il Governo centrale sono le Prefetture che svolgono un ruolo importante.\u201d Santarsiero ha quindi ringraziato il Prefetto di Potenza, Nunziante con il quale \u2013ha detto- si sta sviluppando un percorso di collaborazione molto forte.\u201d<\/p>\n","protected":false},"excerpt":{"rendered":"<p>Solo qualche mese fa, in occasione dell\u2019anniversario delle Foibe, il Sindaco di Potenza Vito Santarsiero ed il Prefetto di Potenza, Antonio Nunziante, avevano consegnato a &#8230; <\/p>\n","protected":false},"author":1,"featured_media":0,"comment_status":"closed","ping_status":"closed","sticky":false,"template":"single-sidebar.php","format":"standard","meta":{"footnotes":""},"categories":[63],"tags":[],"class_list":["post-5208","post","type-post","status-publish","format-standard","hentry","category-news"],"_links":{"self":[{"href":"https:\/\/archivio.comune.potenza.it\/index.php?rest_route=\/wp\/v2\/posts\/5208"}],"collection":[{"href":"https:\/\/archivio.comune.potenza.it\/index.php?rest_route=\/wp\/v2\/posts"}],"about":[{"href":"https:\/\/archivio.comune.potenza.it\/index.php?rest_route=\/wp\/v2\/types\/post"}],"author":[{"embeddable":true,"href":"https:\/\/archivio.comune.potenza.it\/index.php?rest_route=\/wp\/v2\/users\/1"}],"replies":[{"embeddable":true,"href":"https:\/\/archivio.comune.potenza.it\/index.php?rest_route=%2Fwp%2Fv2%2Fcomments&post=5208"}],"version-history":[{"count":0,"href":"https:\/\/archivio.comune.potenza.it\/index.php?rest_route=\/wp\/v2\/posts\/5208\/revisions"}],"wp:attachment":[{"href":"https:\/\/archivio.comune.potenza.it\/index.php?rest_route=%2Fwp%2Fv2%2Fmedia&parent=5208"}],"wp:term":[{"taxonomy":"category","embeddable":true,"href":"https:\/\/archivio.comune.potenza.it\/index.php?rest_route=%2Fwp%2Fv2%2Fcategories&post=5208"},{"taxonomy":"post_tag","embeddable":true,"href":"https:\/\/archivio.comune.potenza.it\/index.php?rest_route=%2Fwp%2Fv2%2Ftags&post=5208"}],"curies":[{"name":"wp","href":"https:\/\/api.w.org\/{rel}","templated":true}]}}