{"id":5216,"date":"2012-05-22T13:44:18","date_gmt":"2012-05-22T11:44:18","guid":{"rendered":"http:\/\/archivio.comune.potenza.it\/comune_wp\/?p=5216"},"modified":"2012-05-22T13:44:18","modified_gmt":"2012-05-22T11:44:18","slug":"aggiornamento-piani-di-protezione-civile-verifica-delle-sedi","status":"publish","type":"post","link":"https:\/\/archivio.comune.potenza.it\/?p=5216","title":{"rendered":"Aggiornamento piani di Protezione civile: verifica delle sedi"},"content":{"rendered":"<p style=\"text-align: justify;\"><span style=\"font-size: 14pt; line-height: 115%; font-family: 'Times New Roman','serif';\">Negli uffici comunali di Via Nazario Sauro si \u00e8 tenuta una riunione incentrata sulla verifica delle sedi Com (Centro operativo misto) nell\u2019ambito della complessiva attivit\u00e0 di aggiornamento dei piani di Protezione civile. All\u2019incontro hanno partecipato Prefettura &#8211; Ufficio Territoriale del Governo di Potenza, <span>\u00a0<\/span>Vigili del fuoco, gli Uffici di Protezione civile della Regione e della Provincia di Potenza, l\u2019assessore alla Protezione civile comunale, Nicola Lovallo, i dirigenti e i funzionari dei Comuni di Potenza e Tito. Nel corso del dibattito \u00e8 emersa l\u2019esigenza di sdoppiamento del Com di Potenza con conseguente ridefinizione degli ambiti territoriali, ipotizzando un\u2019ulteriore sede a nord-ovest del territorio del Comune capoluogo di regione. La nuova sede Com sar\u00e0 decisa durante la prossima riunione, la cui convocazione \u00e8 prevista entro breve. \u201cE\u2019 importante \u2013 spiega l\u2019assessore Lovallo \u2013 che si prosegua a operare sinergicamente tra i vari soggetti istituzionali coinvolti, perch\u00e9 come ci insegnano le emergenze, ultima quella emiliana, \u00e8 sempre pi\u00f9 necessario avere strumenti aggiornati ed efficaci, con meccanismi ben oliati, cos\u00ec da gestire al meglio le situazioni limite per le quali il primo riferimento \u00e8 proprio la Protezione civile\u201d<\/span><\/p>\n","protected":false},"excerpt":{"rendered":"<p>Negli uffici comunali di Via Nazario Sauro si \u00e8 tenuta una riunione incentrata sulla verifica delle sedi Com (Centro operativo misto) nell\u2019ambito della complessiva attivit\u00e0 &#8230; <\/p>\n","protected":false},"author":1,"featured_media":0,"comment_status":"closed","ping_status":"closed","sticky":false,"template":"single-sidebar.php","format":"standard","meta":{"footnotes":""},"categories":[63],"tags":[],"class_list":["post-5216","post","type-post","status-publish","format-standard","hentry","category-news"],"_links":{"self":[{"href":"https:\/\/archivio.comune.potenza.it\/index.php?rest_route=\/wp\/v2\/posts\/5216"}],"collection":[{"href":"https:\/\/archivio.comune.potenza.it\/index.php?rest_route=\/wp\/v2\/posts"}],"about":[{"href":"https:\/\/archivio.comune.potenza.it\/index.php?rest_route=\/wp\/v2\/types\/post"}],"author":[{"embeddable":true,"href":"https:\/\/archivio.comune.potenza.it\/index.php?rest_route=\/wp\/v2\/users\/1"}],"replies":[{"embeddable":true,"href":"https:\/\/archivio.comune.potenza.it\/index.php?rest_route=%2Fwp%2Fv2%2Fcomments&post=5216"}],"version-history":[{"count":0,"href":"https:\/\/archivio.comune.potenza.it\/index.php?rest_route=\/wp\/v2\/posts\/5216\/revisions"}],"wp:attachment":[{"href":"https:\/\/archivio.comune.potenza.it\/index.php?rest_route=%2Fwp%2Fv2%2Fmedia&parent=5216"}],"wp:term":[{"taxonomy":"category","embeddable":true,"href":"https:\/\/archivio.comune.potenza.it\/index.php?rest_route=%2Fwp%2Fv2%2Fcategories&post=5216"},{"taxonomy":"post_tag","embeddable":true,"href":"https:\/\/archivio.comune.potenza.it\/index.php?rest_route=%2Fwp%2Fv2%2Ftags&post=5216"}],"curies":[{"name":"wp","href":"https:\/\/api.w.org\/{rel}","templated":true}]}}