{"id":5220,"date":"2012-05-23T08:56:16","date_gmt":"2012-05-23T06:56:16","guid":{"rendered":"http:\/\/archivio.comune.potenza.it\/comune_wp\/?p=5220"},"modified":"2012-05-23T08:56:16","modified_gmt":"2012-05-23T06:56:16","slug":"imbesi-pdl-su-bilancio-preventivo-2012","status":"publish","type":"post","link":"https:\/\/archivio.comune.potenza.it\/?p=5220","title":{"rendered":"Imbesi (PDL) su bilancio preventivo 2012"},"content":{"rendered":"<p style=\"text-align: justify;\"><span style=\"font-family: 'Times New Roman','serif';\">Il VicePresidente del Consiglio Comunale di Potenza, Antonino Imbesi, in una nota, ha comunicato che il bilancio preventivo 2012 del Comune capoluogo stenta ad essere definito a causa di probabili e serie difficolt\u00e0 di reperimento di entrate.<\/span><span style=\"font-family: 'Times New Roman', serif;\">&#8220;Purtroppo girano diverse voci in Municipio che parlano di una seria difficolt\u00e0 amministrativa nel reperire una ventina di milioni di Euro, che se davvero fossero confermate, \u2013 ha dichiarato Imbesi \u2013 produrrebbero due possibili conseguenze: da un lato il Bilancio farebbe fatica ad essere chiuso (e comunque l\u2019Amministrazione difficilmente potrebbe assicurare il pagamento di dipendenti e ditte che operano per suo conto), e dall\u2019altro, potrebbe essere il preludio a probabili aumenti di tasse locali, che la Maggioranza potrebbe essere costretta a deliberare per cercare di colmare il disavanzo.&#8221;<\/span><span style=\"font-family: 'Times New Roman', serif;\">Il VicePresidente del Consiglio ha fatto presente che, con correttezza, la Seconda Commissione Consiliare ha subito richiesto di ascoltare sull\u2019argomento il dirigente dell\u2019Ufficio Finanziario per accertare la veridicit\u00e0 sulle difficolt\u00e0 del bilancio preventivo 2012 ed appurare a quanto ammonta il comunque sicuro stato di sofferenza delle casse comunali per l\u2019anno in corso.<\/span><span style=\"font-family: 'Times New Roman', serif;\">&#8220;Della questione \u2013 ha detto Imbesi \u2013 chieder\u00f2 che si interessi anche l\u2019Ufficio di Presidenza che, poich\u00e9 per Regolamento \u00e8 l\u2019organismo che deve curare la predisposizione dell\u2019ordine del giorno delle adunanze del Consiglio, non pu\u00f2 non cercare di accertare i motivi dell\u2019allungarsi dei tempi di predisposizione della delibera annuale pi\u00f9 importante, in modo da segnalarne le possibili difficolt\u00e0 alla Conferenza dei Capigruppo Consiliari. Mi pare davvero necessario che l\u2019organismo, nell\u2019ambito delle funzioni di rappresentanza dell\u2019intera Massima Assise, provveda ad ascoltare direttamente l\u2019Assessorato competente, raccogliendo le necessarie indicazioni, anche rispetto ad una situazione che ancora non \u00e8 chiara quale quella della vendita del palazzo di giustizia, che sembra essersi bloccata.\u201d\u00a0<\/span><span style=\"font-family: 'Times New Roman', serif;\">Imbesi ha poi chiuso rimarcando la necessit\u00e0 che le forze politiche si incontrino a breve e risolvano definitivamente i problemi istituzionali che oggi appesantiscono i lavori consiliari.<\/span><span style=\"font-family: 'Times New Roman', serif;\">\u00a0<\/span><span style=\"font-family: 'Times New Roman', serif;\">\u201cLo stato di disagio che i comportamenti di alcuni Consiglieri hanno causato all\u2019attivit\u00e0 del Municipio \u2013 ha concluso il VicePresidente <\/span><span style=\"font-family: 'Times New Roman', serif;\">\u00a0<\/span><span style=\"font-family: 'Times New Roman', serif;\">\u2013<\/span><span style=\"font-family: 'Times New Roman', serif;\">\u00a0 <\/span><span style=\"font-family: 'Times New Roman', serif;\">deve essere necessariamente affrontato e risolto a breve con la responsabilit\u00e0 di tutti e la consapevolezza che la citt\u00e0 ha problemi molto pi\u00f9 rilevanti da affrontare e risolvere che non le dispute politiche (che ai cittadini davvero non interessano, come del resto dimostrano in maniera chiara anche gli ultimi risultati delle elezioni amministrative in Italia). Mi auguro, quindi, che le suddette questioni siano affrontate a breve e, consapevole di tale esigenza istituzionale, pregher\u00f2 il Capogruppo del PDL di farsi primo attore di questa urgenza.\u201d<\/span><\/p>\n","protected":false},"excerpt":{"rendered":"<p>Il VicePresidente del Consiglio Comunale di Potenza, Antonino Imbesi, in una nota, ha comunicato che il bilancio preventivo 2012 del Comune capoluogo stenta ad essere &#8230; <\/p>\n","protected":false},"author":1,"featured_media":0,"comment_status":"closed","ping_status":"closed","sticky":false,"template":"single-sidebar.php","format":"standard","meta":{"footnotes":""},"categories":[63],"tags":[],"class_list":["post-5220","post","type-post","status-publish","format-standard","hentry","category-news"],"_links":{"self":[{"href":"https:\/\/archivio.comune.potenza.it\/index.php?rest_route=\/wp\/v2\/posts\/5220"}],"collection":[{"href":"https:\/\/archivio.comune.potenza.it\/index.php?rest_route=\/wp\/v2\/posts"}],"about":[{"href":"https:\/\/archivio.comune.potenza.it\/index.php?rest_route=\/wp\/v2\/types\/post"}],"author":[{"embeddable":true,"href":"https:\/\/archivio.comune.potenza.it\/index.php?rest_route=\/wp\/v2\/users\/1"}],"replies":[{"embeddable":true,"href":"https:\/\/archivio.comune.potenza.it\/index.php?rest_route=%2Fwp%2Fv2%2Fcomments&post=5220"}],"version-history":[{"count":0,"href":"https:\/\/archivio.comune.potenza.it\/index.php?rest_route=\/wp\/v2\/posts\/5220\/revisions"}],"wp:attachment":[{"href":"https:\/\/archivio.comune.potenza.it\/index.php?rest_route=%2Fwp%2Fv2%2Fmedia&parent=5220"}],"wp:term":[{"taxonomy":"category","embeddable":true,"href":"https:\/\/archivio.comune.potenza.it\/index.php?rest_route=%2Fwp%2Fv2%2Fcategories&post=5220"},{"taxonomy":"post_tag","embeddable":true,"href":"https:\/\/archivio.comune.potenza.it\/index.php?rest_route=%2Fwp%2Fv2%2Ftags&post=5220"}],"curies":[{"name":"wp","href":"https:\/\/api.w.org\/{rel}","templated":true}]}}