{"id":5222,"date":"2012-05-23T09:11:54","date_gmt":"2012-05-23T07:11:54","guid":{"rendered":"http:\/\/archivio.comune.potenza.it\/comune_wp\/?p=5222"},"modified":"2012-05-23T09:11:54","modified_gmt":"2012-05-23T07:11:54","slug":"centro-aggregazione-giovanile-rione-lucania-estro-valorizzazione-delle-abilita-dei-giovani","status":"publish","type":"post","link":"https:\/\/archivio.comune.potenza.it\/?p=5222","title":{"rendered":"Centro aggregazione giovanile Rione Lucania:estro, valorizzazione delle abilit\u00e0 dei giovani"},"content":{"rendered":"<p class=\"MsoNormal\" style=\"text-align: justify;\"><img decoding=\"async\" src=\"images\/phocagallery\/centro%20ag.jpg\" border=\"0\" style=\"border: 0; float: left; margin: 10px;\" \/>Spazio alla creativit\u00e0 e alle esigenze dei giovani. La voglia di raccontarsi attraverso la loro crescita e determinazione nel voler condividere esperienze culturali che possano far parlare di loro in termini ammirevoli. Ormai, la parola d\u2019ordine \u00e8 \u201cunione\u201d. Le premesse sembrano essere positive cos\u00ec come l\u2019entusiasmo trasmesso dalle testimonianze di alcuni dei circa seicento ragazzi iscritti al Centro di Aggregazione Giovanile (CAG) inaugurato a Potenza, in Via Nitti, adiacente il campo di calcetto di Rione Lucania.\u201cSi tratta di una esperienza di partecipazione che pu\u00f2 dare grande prestigio al quartiere di Rione Lucania e una occasione, per noi giovani di dimostrare che, al giorno d\u2019oggi, possiamo cambiare il corso delle cose reagendo all\u2019ozio, alla poca propensione nel condividere iniziative e collaborazione per far decollare le idee\u201d. \u00c8 il pensiero di Massimiliano, uno dei ragazzi presenti alla convocazione della prima Assemblea indetta per illustrare il funzionamento del Centro, le candidature per il Comitato di Gestione, le successive convocazione per il voto. \u201cUnire tutti i giovani per creare sempre progetti nuovi e innovativi \u2013 ha raccontato Vito \u2013 \u00e8 uno degli obiettivi. Sono stato attratto immediatamente da questa idea cos\u00ec come dal mettere a disposizione le abilit\u00e0 personali. Io ho deciso di mettere a disposizione le mie capacit\u00e0 informatiche a coloro che frequenteranno il Centro\u201d. \u201cVorremmo dare vita \u2013 ha spiegato Carmelo &#8211; a un Movimento sociale indirizzato ai ragazzi per rafforzare la voce dei giovani ma soprattutto darci una possibilit\u00e0 per dimostrare il nostro talento e metterlo al servizio dell\u2019intera citt\u00e0\u201d. \u00a0Secondo le ragazze, il Centro rappresenta una valida opportunit\u00e0 per dimostrare che le loro qualit\u00e0 non sono disperse. Musica, teatro, laboratori creativi, attivit\u00e0 culturali, sociali sono iniziative che si potrebbero realizzare.Grande soddisfazione \u00e8 stata espressa dall\u2019assessore comunale alle Politiche giovaniliEmiddio Fiore che ha spiegato come \u201cMettere a disposizione dei giovani un luogo dove potersi aggregare, dove poter realizzare i loro progetti \u00e8 motivo di orgoglio. Tra mille difficolt\u00e0 economiche \u00e8 stato ristrutturato e allestito il Centro. Una importante occasione per i giovani per crescere culturalmente, socialmente. Il Centro \u2013 ha aggiunto &#8211; sar\u00e0 gestito dagli stessi giovani per responsabilizzarli e abbiamo scelto la formula dell\u2019autogestione cos\u00ec che possano sentire proprio uno spazio, prendersi cura di tutte le attivit\u00e0 con grande responsabilit\u00e0. Dall\u2019assemblea generale si conoscer\u00e0 chi sar\u00e0 il Direttivo che nominer\u00e0 il presidente del Comitato di gestione. Sar\u00e0 un Centro aperto a tutto il territorio del comunedi Potenza e tutti i giovani avranno l\u2019opportunit\u00e0 di partecipare alle iniziative che verranno svolte\u201d.Voler essere per i giovani una parte attiva nello sviluppo dell\u2019iniziativa e non essere una figura istituzionale avulsa dai loro progetti e dalla loro realt\u00e0 \u00e8 il messaggio dell\u2019assistente sociale, Carmen De Lia, intervenuta all\u2019incontro. \u201cIo credo che la nascita del Centro sia un momento da vivere positivamente per il quartiere di Rione Lucania ma anche per la crescita, lo sviluppo, il benessere di questa realt\u00e0. Come assistenti sociali sappiamo bene che ai giovani mancano punti di riferimento fondamentali. Ho visto che hanno molta voglia di fare, di proporsi in maniera responsabile. Sar\u00f2 presente periodicamente, intendo essere un punto di riferimento sia per quanto riguarda lo svolgimento delle attivit\u00e0 ma anche in una parte propedeutica per lo sviluppo dei programmi\u201d.\u201cI giovani sono il motore delle energie positive che un quartiere pu\u00f2 esprimere e non rinuncer\u00f2 mai alla loro presenza\u201d. Sono le parole determinate del presidente del Comitato di quartiere,Orazio Colangelo pronto a coinvolgere e accogliere i ragazzi del capoluogo lucano.<\/p>\n","protected":false},"excerpt":{"rendered":"<p>Spazio alla creativit\u00e0 e alle esigenze dei giovani. La voglia di raccontarsi attraverso la loro crescita e determinazione nel voler condividere esperienze culturali che possano &#8230; <\/p>\n","protected":false},"author":1,"featured_media":0,"comment_status":"closed","ping_status":"closed","sticky":false,"template":"single-sidebar.php","format":"standard","meta":{"footnotes":""},"categories":[63],"tags":[],"class_list":["post-5222","post","type-post","status-publish","format-standard","hentry","category-news"],"_links":{"self":[{"href":"https:\/\/archivio.comune.potenza.it\/index.php?rest_route=\/wp\/v2\/posts\/5222"}],"collection":[{"href":"https:\/\/archivio.comune.potenza.it\/index.php?rest_route=\/wp\/v2\/posts"}],"about":[{"href":"https:\/\/archivio.comune.potenza.it\/index.php?rest_route=\/wp\/v2\/types\/post"}],"author":[{"embeddable":true,"href":"https:\/\/archivio.comune.potenza.it\/index.php?rest_route=\/wp\/v2\/users\/1"}],"replies":[{"embeddable":true,"href":"https:\/\/archivio.comune.potenza.it\/index.php?rest_route=%2Fwp%2Fv2%2Fcomments&post=5222"}],"version-history":[{"count":0,"href":"https:\/\/archivio.comune.potenza.it\/index.php?rest_route=\/wp\/v2\/posts\/5222\/revisions"}],"wp:attachment":[{"href":"https:\/\/archivio.comune.potenza.it\/index.php?rest_route=%2Fwp%2Fv2%2Fmedia&parent=5222"}],"wp:term":[{"taxonomy":"category","embeddable":true,"href":"https:\/\/archivio.comune.potenza.it\/index.php?rest_route=%2Fwp%2Fv2%2Fcategories&post=5222"},{"taxonomy":"post_tag","embeddable":true,"href":"https:\/\/archivio.comune.potenza.it\/index.php?rest_route=%2Fwp%2Fv2%2Ftags&post=5222"}],"curies":[{"name":"wp","href":"https:\/\/api.w.org\/{rel}","templated":true}]}}