{"id":5226,"date":"2012-05-23T16:36:24","date_gmt":"2012-05-23T14:36:24","guid":{"rendered":"http:\/\/archivio.comune.potenza.it\/comune_wp\/?p=5226"},"modified":"2012-05-23T16:36:24","modified_gmt":"2012-05-23T14:36:24","slug":"picerno-pdl-su-situazione-igienico-ambientale","status":"publish","type":"post","link":"https:\/\/archivio.comune.potenza.it\/?p=5226","title":{"rendered":"Picerno (Pdl) su situazione igienico ambientale"},"content":{"rendered":"<p class=\"MsoNormal\" style=\"text-align: justify;\">\u201cAl peggio non c\u2019\u00e8 mai fine\u201d. E\u2019 forse un modo di dire inflazionato ma per quanto sta accadendo a Potenza, in merito alla situazione igienico-ambientale, sembra calzare a pennello.Il capogruppo del PdL nel Consiglio Comunale, Fernando Picerno, esprime sconcerto per i modi con i quali l\u2019amministrazione comunale, quella provinciale e l\u2019azienda di tutela ambientale, tutte coinvolte con responsabilit\u00e0 diverse nella gestione del problema, lo stanno affrontando senza giungere a risultati apprezzabili.La fase emergenziale, continua l\u2019esponente del PdL, dura ormai dall\u2019inizio del mese; i cassonetti sono ovunque stracolmi perch\u00e9 vengono svuotati \u201ca turno\u201d, nell\u2019intento di non scontentare nessun rione della citt\u00e0 ma la citt\u00e0 \u00e8 desolatamente sporca.In passato, sostiene Picerno, il problema della saturazione dei siti dove i rifiuti vengono depositati si \u00e8 presentato pi\u00f9 volte ma mai si era registrato un disagio forte come quello attuale.E, purtroppo, all\u2019orizzonte non si intravede alcuna soluzione radicale.Si \u00e8 sempre alla spasmodica ricerca di una autorizzazione finalizzata ad incrementare la capacit\u00e0 volumetrica di qualche discarica ma di un piano organico per avviare a completa soluzione il problema non se ne parla nemmeno.La questione, continua il capogruppo pidiellino, pur essendo di portata regionale, \u00e8 particolarmente sentita nel capoluogo dove, davanti alla mancanza di certezze riguardanti la ripresa dell\u2019attivit\u00e0 dell\u2019inceneritore di Monte Grosso, sarebbe necessario spingere almeno quelle iniziative capace di organizzare una efficace raccolta differenziata in modo da ridurre la massa da smaltire nelle discariche.Purtroppo, anche questo obiettivo sembra irraggiungibile.Eppure, i piccoli numeri espressi dalle nostre comunit\u00e0 (Potenza ed hinterland), dovrebbero facilitare soluzioni rapide ed efficaci, ma cos\u00ec non \u00e8.Alla base di tutto, conclude Picerno, c\u2019\u00e8 purtroppo l\u2019incapacit\u00e0 cronica di questa classe dirigente del centro-sinistra che non riesce a centrare alcun obiettivo utile alle nostre popolazioni ma della cui pazienza continua ad abusare.<\/p>\n","protected":false},"excerpt":{"rendered":"<p>\u201cAl peggio non c\u2019\u00e8 mai fine\u201d. E\u2019 forse un modo di dire inflazionato ma per quanto sta accadendo a Potenza, in merito alla situazione igienico-ambientale, &#8230; <\/p>\n","protected":false},"author":1,"featured_media":0,"comment_status":"closed","ping_status":"closed","sticky":false,"template":"single-sidebar.php","format":"standard","meta":{"footnotes":""},"categories":[63],"tags":[],"class_list":["post-5226","post","type-post","status-publish","format-standard","hentry","category-news"],"_links":{"self":[{"href":"https:\/\/archivio.comune.potenza.it\/index.php?rest_route=\/wp\/v2\/posts\/5226"}],"collection":[{"href":"https:\/\/archivio.comune.potenza.it\/index.php?rest_route=\/wp\/v2\/posts"}],"about":[{"href":"https:\/\/archivio.comune.potenza.it\/index.php?rest_route=\/wp\/v2\/types\/post"}],"author":[{"embeddable":true,"href":"https:\/\/archivio.comune.potenza.it\/index.php?rest_route=\/wp\/v2\/users\/1"}],"replies":[{"embeddable":true,"href":"https:\/\/archivio.comune.potenza.it\/index.php?rest_route=%2Fwp%2Fv2%2Fcomments&post=5226"}],"version-history":[{"count":0,"href":"https:\/\/archivio.comune.potenza.it\/index.php?rest_route=\/wp\/v2\/posts\/5226\/revisions"}],"wp:attachment":[{"href":"https:\/\/archivio.comune.potenza.it\/index.php?rest_route=%2Fwp%2Fv2%2Fmedia&parent=5226"}],"wp:term":[{"taxonomy":"category","embeddable":true,"href":"https:\/\/archivio.comune.potenza.it\/index.php?rest_route=%2Fwp%2Fv2%2Fcategories&post=5226"},{"taxonomy":"post_tag","embeddable":true,"href":"https:\/\/archivio.comune.potenza.it\/index.php?rest_route=%2Fwp%2Fv2%2Ftags&post=5226"}],"curies":[{"name":"wp","href":"https:\/\/api.w.org\/{rel}","templated":true}]}}