{"id":5228,"date":"2012-05-24T08:46:55","date_gmt":"2012-05-24T06:46:55","guid":{"rendered":"http:\/\/archivio.comune.potenza.it\/comune_wp\/?p=5228"},"modified":"2012-05-24T08:46:55","modified_gmt":"2012-05-24T06:46:55","slug":"pietro-rosa-nuovo-presidente-della-iv-commissione-consiliare","status":"publish","type":"post","link":"https:\/\/archivio.comune.potenza.it\/?p=5228","title":{"rendered":"Pietro Rosa nuovo presidente della IV Commissione consiliare"},"content":{"rendered":"<p><span><img loading=\"lazy\" decoding=\"async\" src=\"images\/multimediali_new\/ultime-news\/2012\/05\/rosa%20iv.jpg\" border=\"0\" width=\"219\" height=\"164\" style=\"border: 0; float: left; margin: 10px;\" \/><\/span><\/p>\n<p class=\"MsoNormal\" style=\"margin-bottom: 0.0001pt; line-height: normal; text-align: justify;\"><span class=\"system-pagebreak\"><span style=\"background-color: white; background-position: initial initial; background-repeat: initial initial;\">E\u2019 Pietro Rosa (Pd) il nuovo presidente della IV Commissione consiliare permanente, subentra al dimissionario Francesco Casella (Pd). Confermato alla vicepresidenza Roberto Mancino. Molti i temi sui quali i commissari della \u2018Quarta\u2019 sono chiamati a confrontarsi:<\/span><\/span><span class=\"apple-converted-space\"><span style=\"background-color: white; background-position: initial initial; background-repeat: initial initial;\">\u00a0<\/span><\/span><strong><span><span style=\"background-color: white; font-weight: normal; background-position: initial initial; background-repeat: initial initial;\">Sport &#8211; Istruzione &#8211; Cultura &#8211; Servizi e Politiche Sociali &#8211; Politiche Giovanili &#8211; Pace &#8211; Immigrazione &#8211; Sanit\u00e0- Partecipazione &#8211; Politiche Abitative &#8211; Tutela Consumatori &#8211; Pari Opportunit\u00e0. 54 anni, medico veterinario, Rosa ha diretto per la prima volta i lavori della Commissione chiarendo come gi\u00e0 da subito chieder\u00e0 \u201cai membri dell\u2019organo consiliare di ripiegarsi sul tema del randagismo. A questo proposito la struttura di Trinit\u00e0 Sicilia, laddove sar\u00e0 possibile effettuare l\u2019apposizione dei microchip e la sterilizzazione chirurgica, \u00e8 quasi pronta e riteniamo che possa cominciare a funzionare entro il prossimo mese\u201d tema sul quale \u00e8 intervenuto anche Rocco Summa. Altre proposte formulate al neo presidente, riguardo alla stesura del calendario dei lavori: per Giuseppe Molinari rilevante tornare a confrontarsi sui Comitati di quartiere e verificare l\u2019assegnazione della struttura di via Sicilia. Antonio Smaldone ha chiesto attenzione alla pianificazione prevista per l\u2019apertura di 4 nuove farmacie in citt\u00e0, il presidente uscente Casella ha proposto sedute che analizzino i suggerimenti giunti dagli ultimi orientamenti pastorali della Chiesa lucana in tema di welfare e un\u2019audizione del Sindaco sulla festivit\u00e0 patronale. Fernando Picerno ha sottolineato la necessit\u00e0 di ascoltare assessore e dirigente competenti sulla situazione di Bucaletto. Gianpaolo Carretta ha indicato la possibilit\u00e0 di invitare l\u2019assessore regionale alla Sanit\u00e0 Attilio Martorano per un confronto sul piano sanitario regionale, con particolare riguardo alla situazione dell\u2019ospedale San Carlo.<\/span><\/span><\/strong><\/p>\n","protected":false},"excerpt":{"rendered":"<p>E\u2019 Pietro Rosa (Pd) il nuovo presidente della IV Commissione consiliare permanente, subentra al dimissionario Francesco Casella (Pd). Confermato alla vicepresidenza Roberto Mancino. Molti i &#8230; <\/p>\n","protected":false},"author":1,"featured_media":0,"comment_status":"closed","ping_status":"closed","sticky":false,"template":"single-sidebar.php","format":"standard","meta":{"footnotes":""},"categories":[63],"tags":[],"class_list":["post-5228","post","type-post","status-publish","format-standard","hentry","category-news"],"_links":{"self":[{"href":"https:\/\/archivio.comune.potenza.it\/index.php?rest_route=\/wp\/v2\/posts\/5228"}],"collection":[{"href":"https:\/\/archivio.comune.potenza.it\/index.php?rest_route=\/wp\/v2\/posts"}],"about":[{"href":"https:\/\/archivio.comune.potenza.it\/index.php?rest_route=\/wp\/v2\/types\/post"}],"author":[{"embeddable":true,"href":"https:\/\/archivio.comune.potenza.it\/index.php?rest_route=\/wp\/v2\/users\/1"}],"replies":[{"embeddable":true,"href":"https:\/\/archivio.comune.potenza.it\/index.php?rest_route=%2Fwp%2Fv2%2Fcomments&post=5228"}],"version-history":[{"count":0,"href":"https:\/\/archivio.comune.potenza.it\/index.php?rest_route=\/wp\/v2\/posts\/5228\/revisions"}],"wp:attachment":[{"href":"https:\/\/archivio.comune.potenza.it\/index.php?rest_route=%2Fwp%2Fv2%2Fmedia&parent=5228"}],"wp:term":[{"taxonomy":"category","embeddable":true,"href":"https:\/\/archivio.comune.potenza.it\/index.php?rest_route=%2Fwp%2Fv2%2Fcategories&post=5228"},{"taxonomy":"post_tag","embeddable":true,"href":"https:\/\/archivio.comune.potenza.it\/index.php?rest_route=%2Fwp%2Fv2%2Ftags&post=5228"}],"curies":[{"name":"wp","href":"https:\/\/api.w.org\/{rel}","templated":true}]}}