{"id":5229,"date":"2012-05-24T11:19:33","date_gmt":"2012-05-24T09:19:33","guid":{"rendered":"http:\/\/archivio.comune.potenza.it\/comune_wp\/?p=5229"},"modified":"2012-05-24T11:19:33","modified_gmt":"2012-05-24T09:19:33","slug":"carretta-pd-auguri-al-nuovo-presidente-iv-commissione-rosa","status":"publish","type":"post","link":"https:\/\/archivio.comune.potenza.it\/?p=5229","title":{"rendered":"Carretta (Pd): auguri al nuovo Presidente IV Commissione Rosa"},"content":{"rendered":"<p style=\"text-align: justify;\"><span style=\"font-size: 12.0pt; font-family: 'Times New Roman','serif'; mso-fareast-language: IT;\">&#8220;Al Consigliere Pietro Rosa gli auguri da parte del Gruppo del Partito Democratico per la sua elezione come Presidente della IV Commissione Consiliare Permanente \u201cSport \u2013 Istruzione \u2013 Cultura &#8211; Servizi e Politiche Sociali &#8211; Politiche Giovanili \u2013 Pace \u2013Immigrazione \u2013 Sanit\u00e0 \u2013 Partecipazione &#8211; Politiche Abitative &#8211; Tutela Consumatori &#8211; Pari Opportunit\u00e0\u201d.&#8221; Cos\u00ec il capogruppo del PD Gianpaolo Carretta il quale aggiunge &#8220;s<\/span><span style=\"font-family: 'Times New Roman', serif; font-size: 12pt;\">iamo certi che il Consigliere Rosa sapr\u00e0 adempiere al suo nuovo incarico con la responsabilit\u00e0 e la competenza che lo contraddistinguono, garantendo la stessa continuit\u00e0 e seriet\u00e0 nella prosecuzione del suddetto ruolo svolto egregiamente dal Consigliere dimissionario Francesco Casella.&#8221;<\/span><\/p>\n","protected":false},"excerpt":{"rendered":"<p>&#8220;Al Consigliere Pietro Rosa gli auguri da parte del Gruppo del Partito Democratico per la sua elezione come Presidente della IV Commissione Consiliare Permanente \u201cSport &#8230; <\/p>\n","protected":false},"author":1,"featured_media":0,"comment_status":"closed","ping_status":"closed","sticky":false,"template":"single-sidebar.php","format":"standard","meta":{"footnotes":""},"categories":[63],"tags":[],"class_list":["post-5229","post","type-post","status-publish","format-standard","hentry","category-news"],"_links":{"self":[{"href":"https:\/\/archivio.comune.potenza.it\/index.php?rest_route=\/wp\/v2\/posts\/5229"}],"collection":[{"href":"https:\/\/archivio.comune.potenza.it\/index.php?rest_route=\/wp\/v2\/posts"}],"about":[{"href":"https:\/\/archivio.comune.potenza.it\/index.php?rest_route=\/wp\/v2\/types\/post"}],"author":[{"embeddable":true,"href":"https:\/\/archivio.comune.potenza.it\/index.php?rest_route=\/wp\/v2\/users\/1"}],"replies":[{"embeddable":true,"href":"https:\/\/archivio.comune.potenza.it\/index.php?rest_route=%2Fwp%2Fv2%2Fcomments&post=5229"}],"version-history":[{"count":0,"href":"https:\/\/archivio.comune.potenza.it\/index.php?rest_route=\/wp\/v2\/posts\/5229\/revisions"}],"wp:attachment":[{"href":"https:\/\/archivio.comune.potenza.it\/index.php?rest_route=%2Fwp%2Fv2%2Fmedia&parent=5229"}],"wp:term":[{"taxonomy":"category","embeddable":true,"href":"https:\/\/archivio.comune.potenza.it\/index.php?rest_route=%2Fwp%2Fv2%2Fcategories&post=5229"},{"taxonomy":"post_tag","embeddable":true,"href":"https:\/\/archivio.comune.potenza.it\/index.php?rest_route=%2Fwp%2Fv2%2Ftags&post=5229"}],"curies":[{"name":"wp","href":"https:\/\/api.w.org\/{rel}","templated":true}]}}