{"id":5236,"date":"2012-05-24T16:16:26","date_gmt":"2012-05-24T14:16:26","guid":{"rendered":"http:\/\/archivio.comune.potenza.it\/comune_wp\/?p=5236"},"modified":"2012-05-24T16:16:26","modified_gmt":"2012-05-24T14:16:26","slug":"a-francioso-a-breve-sagrato-chiesa-s-pietro-e-paolo","status":"publish","type":"post","link":"https:\/\/archivio.comune.potenza.it\/?p=5236","title":{"rendered":"A Francioso a breve sagrato Chiesa S.Pietro e Paolo"},"content":{"rendered":"<p style=\"text-align: justify;\"><span style=\"font-size: 12.0pt; font-family: 'Times New Roman','serif';\"><img decoding=\"async\" src=\"images\/phocagallery\/foto%201.jpg\" border=\"0\" style=\"border: 0; float: left; margin: 10px;\" \/>I lavori del parcheggio interrato realizzato a Rione Francioso saranno completati con la sistemazione della sovrastante piazza.<\/span><span style=\"font-family: 'Times New Roman', serif; font-size: 12pt;\">E\u2019 stato lo stesso Sindaco di Potenza, Vito Santarsiero, insieme agli assessori Federico Pace, Antonio Pesarini e Pietro Campagna, nel corso di un incontro avuto con il parroco don Biagio Mitidieri ed alcuni<\/span><span style=\"font-family: 'Times New Roman', serif; font-size: 12pt;\">\u00a0 <\/span><span style=\"font-family: 'Times New Roman', serif; font-size: 12pt;\">residenti della zona ad illustrare, insieme al dirigente dell\u2019Ufficio, le caratteristiche dei lavori di completamento del nuovo spazio urbano che funger\u00e0 da sagrato della Chiesa. Esso sar\u00e0 dotato anche di rampe d\u2019accesso per le persone diversamente abili, di fioriere e una zona verde. Al di sotto del piazzale gi\u00e0 realizzato con la legge Tognoli il parcheggio per auto. La novit\u00e0 pi\u00f9 rilevante dell\u2019intero progetto \u00e8 la diversificazione tra area deputata all\u2019uso esclusivamente pedonale e vie d\u2019accesso agli immobili che si trovano nei pressi dell\u2019edificio sacro. Contestualmente, infatti, sar\u00e0 garantito l\u2019utilizzo dello spazio antistante la Chiesa, in precedenza occupato da un parcheggio a raso, senza penalizzare la viabilit\u00e0 della zona.<\/span><span style=\"font-family: 'Times New Roman', serif; font-size: 12pt;\">50.000 euro l\u2019importo dell\u2019intervento voluto dall\u2019Amministrazione comunale che sar\u00e0 completato entro la fine di giugno, periodo nel quale \u00e8 in programma come ogni anno la festa del quartiere. <\/span><span style=\"font-family: 'Times New Roman', serif; font-size: 12pt;\">\u00a0<\/span><\/p>\n","protected":false},"excerpt":{"rendered":"<p>I lavori del parcheggio interrato realizzato a Rione Francioso saranno completati con la sistemazione della sovrastante piazza.E\u2019 stato lo stesso Sindaco di Potenza, Vito Santarsiero, &#8230; <\/p>\n","protected":false},"author":1,"featured_media":0,"comment_status":"closed","ping_status":"closed","sticky":false,"template":"single-sidebar.php","format":"standard","meta":{"footnotes":""},"categories":[63],"tags":[],"class_list":["post-5236","post","type-post","status-publish","format-standard","hentry","category-news"],"_links":{"self":[{"href":"https:\/\/archivio.comune.potenza.it\/index.php?rest_route=\/wp\/v2\/posts\/5236"}],"collection":[{"href":"https:\/\/archivio.comune.potenza.it\/index.php?rest_route=\/wp\/v2\/posts"}],"about":[{"href":"https:\/\/archivio.comune.potenza.it\/index.php?rest_route=\/wp\/v2\/types\/post"}],"author":[{"embeddable":true,"href":"https:\/\/archivio.comune.potenza.it\/index.php?rest_route=\/wp\/v2\/users\/1"}],"replies":[{"embeddable":true,"href":"https:\/\/archivio.comune.potenza.it\/index.php?rest_route=%2Fwp%2Fv2%2Fcomments&post=5236"}],"version-history":[{"count":0,"href":"https:\/\/archivio.comune.potenza.it\/index.php?rest_route=\/wp\/v2\/posts\/5236\/revisions"}],"wp:attachment":[{"href":"https:\/\/archivio.comune.potenza.it\/index.php?rest_route=%2Fwp%2Fv2%2Fmedia&parent=5236"}],"wp:term":[{"taxonomy":"category","embeddable":true,"href":"https:\/\/archivio.comune.potenza.it\/index.php?rest_route=%2Fwp%2Fv2%2Fcategories&post=5236"},{"taxonomy":"post_tag","embeddable":true,"href":"https:\/\/archivio.comune.potenza.it\/index.php?rest_route=%2Fwp%2Fv2%2Ftags&post=5236"}],"curies":[{"name":"wp","href":"https:\/\/api.w.org\/{rel}","templated":true}]}}