{"id":5249,"date":"2012-05-25T17:06:14","date_gmt":"2012-05-25T15:06:14","guid":{"rendered":"http:\/\/archivio.comune.potenza.it\/comune_wp\/?p=5249"},"modified":"2012-05-25T17:06:14","modified_gmt":"2012-05-25T15:06:14","slug":"consiglio-comunale-del-25-maggio","status":"publish","type":"post","link":"https:\/\/archivio.comune.potenza.it\/?p=5249","title":{"rendered":"Consiglio comunale del 25 maggio"},"content":{"rendered":"<p style=\"text-align: justify;\"><span style=\"font-family: 'Times New Roman', serif; font-size: 12pt; line-height: 115%; text-align: justify;\">Il Consiglio comunale ha inizio alle 18,55 con il presidente Vincenzo Santangelo che pone in votazione i verbali della seduta precedente, approvati all\u2019unanimit\u00e0. Il capogruppo dei Dec Angelo Laieta interviene chiedendo \u201cse la maggioranza ritiene opportuno prendere in considerazioni le proposte dell\u2019opposizione in merito all\u2019elezione del nuovo Ufficio di presidenza\u201d. Il sindaco Vito Santarsiero parte dal dato che \u201cla minoranza va rispetta in qualsiasi contesto. Registriamo oggi uno stato di malessere di una parte di questa componente del Consiglio comunale, rispetto a questo non c\u2019 \u00e8 una volont\u00e0 esplicita della maggioranza acciocch\u00e9 tale stato di cose permanga e mi far\u00f2 carico di avviare un percorso di confronto per trovare una soluzione condivisa\u201d. Il presidente Santangelo ricorda che \u201ctra il 15 e il 16 maggio \u00e8 giunta a me una comunicazione della Corte dei Conti inerente al Rendiconto del 2009, comunicazione che viene consegnata a tutti i consiglieri\u201d.<\/span><\/p>\n","protected":false},"excerpt":{"rendered":"<p>Il Consiglio comunale ha inizio alle 18,55 con il presidente Vincenzo Santangelo che pone in votazione i verbali della seduta precedente, approvati all\u2019unanimit\u00e0. Il capogruppo &#8230; <\/p>\n","protected":false},"author":1,"featured_media":0,"comment_status":"closed","ping_status":"closed","sticky":false,"template":"single-sidebar.php","format":"standard","meta":{"footnotes":""},"categories":[63],"tags":[],"class_list":["post-5249","post","type-post","status-publish","format-standard","hentry","category-news"],"_links":{"self":[{"href":"https:\/\/archivio.comune.potenza.it\/index.php?rest_route=\/wp\/v2\/posts\/5249"}],"collection":[{"href":"https:\/\/archivio.comune.potenza.it\/index.php?rest_route=\/wp\/v2\/posts"}],"about":[{"href":"https:\/\/archivio.comune.potenza.it\/index.php?rest_route=\/wp\/v2\/types\/post"}],"author":[{"embeddable":true,"href":"https:\/\/archivio.comune.potenza.it\/index.php?rest_route=\/wp\/v2\/users\/1"}],"replies":[{"embeddable":true,"href":"https:\/\/archivio.comune.potenza.it\/index.php?rest_route=%2Fwp%2Fv2%2Fcomments&post=5249"}],"version-history":[{"count":0,"href":"https:\/\/archivio.comune.potenza.it\/index.php?rest_route=\/wp\/v2\/posts\/5249\/revisions"}],"wp:attachment":[{"href":"https:\/\/archivio.comune.potenza.it\/index.php?rest_route=%2Fwp%2Fv2%2Fmedia&parent=5249"}],"wp:term":[{"taxonomy":"category","embeddable":true,"href":"https:\/\/archivio.comune.potenza.it\/index.php?rest_route=%2Fwp%2Fv2%2Fcategories&post=5249"},{"taxonomy":"post_tag","embeddable":true,"href":"https:\/\/archivio.comune.potenza.it\/index.php?rest_route=%2Fwp%2Fv2%2Ftags&post=5249"}],"curies":[{"name":"wp","href":"https:\/\/api.w.org\/{rel}","templated":true}]}}