{"id":5261,"date":"2012-05-28T15:39:35","date_gmt":"2012-05-28T13:39:35","guid":{"rendered":"http:\/\/archivio.comune.potenza.it\/comune_wp\/?p=5261"},"modified":"2012-05-28T15:39:35","modified_gmt":"2012-05-28T13:39:35","slug":"parata-dei-turchi-due-proposte-turistiche-per-gli-ospiti-del-capoluogo","status":"publish","type":"post","link":"https:\/\/archivio.comune.potenza.it\/?p=5261","title":{"rendered":"Parata dei Turchi: due proposte turistiche per gli ospiti del capoluogo"},"content":{"rendered":"<p><span style=\"color: #333333; line-height: 115%; font-family: 'Times New Roman','serif'; font-size: 14pt; mso-fareast-font-family: Calibri; mso-ansi-language: IT; mso-fareast-language: EN-US; mso-bidi-language: AR-SA;\">L\u2019assessorato al Turismo attraverso lo sportello I.A.T., propone due pacchetti turistici agli ospiti che saranno nel capoluogo in occasione delle festivit\u00e0 patronali. Uno specifico per i camperisti, l\u2019altro realizzato per tutti i visitatori. \u201cPer i primi \u2013 spiega l\u2019assessore Luciano De Rosa \u2013 che hanno al seguito il caravan <\/span><span style=\"color: #000000;\"><span style=\"line-height: 115%; font-family: 'Times New Roman','serif'; font-size: 14pt; mso-fareast-font-family: Calibri; mso-ansi-language: IT; mso-fareast-language: EN-US; mso-bidi-language: AR-SA;\">abbiamo previsto in questi giorni l\u2019utilizzo gratuito dell\u2019area camper situata in piazza Zara, con il contestuale ampliamento della medesima zona. La proposta di visitare la citt\u00e0 \u00e8 stata inoltrata a oltre 100 associazioni di camperisti del centro-sud Italia. Preparato materiale informativo attraverso il quale il Comune informa gli ospiti delle mete pi\u00f9 interessanti presenti in citt\u00e0, un itinerario turistico<span style=\"mso-spacerun: yes;\">\u00a0 <\/span>diviso in 16 tappe, dalle chiese ai palazzi storici, dai monumenti ai siti culturali. Informazioni anche di tipo gastronomico, con un men\u00f9 turistico, che a 18 euro consente di gustare i piatti e i prodotti tipici locali, e per lo shopping con la \u2018Potenzacitycard\u2019 utile per ottenere sconti negli esercizi commerciali convenzionati. Stesse offerte valide anche per tutti gli altri turisti, per i quali, inoltre, \u00e8 prevista la possibilit\u00e0 di ottenere particolari agevolazioni presso alcuni alberghi della citt\u00e0. <\/span><span style=\"line-height: 115%; font-family: 'Times New Roman','serif'; font-size: 14pt; mso-fareast-font-family: Calibri; mso-ansi-language: IT; mso-fareast-language: IT; mso-bidi-language: AR-SA; mso-bidi-font-weight: bold;\"><span style=\"mso-spacerun: yes;\">\u00a0<\/span>Sia la tessera per gli sconti che la<\/span><span style=\"line-height: 115%; font-family: 'Times New Roman','serif'; font-size: 14pt; mso-fareast-font-family: Calibri; mso-ansi-language: IT; mso-fareast-language: IT; mso-bidi-language: AR-SA;\"> mappa con il percorso guidato sono disponibili gratuitamente allo Sportello I.A.T del Comune di Potenza di piazza Matteotti e sempre lo <span style=\"mso-bidi-font-weight: bold;\">Sportello di informazioni e assistenza turistica pu\u00f2 fornire ulteriori chiarimenti ai recapiti<\/span> tel.\/fax 0971 415003 &#8211; e-mail: turismo@comune.potenza.it .<span style=\"mso-spacerun: yes;\">\u00a0 <\/span>La Storica Parata dei Turchi, dall\u2019anno scorso \u2018Patrimonio d\u2019Italia per la tradizione\u2019 riconoscimento assegnato dal ministero del Turismo \u2013 conclude De Rosa \u2013 ha visto avviate le procedure per perseguire l\u2019altro ambitissimo traguardo di \u2018Patrimonio immateriale dell\u2019Unesco\u2019. L\u2019auspicio \u00e8 che iniziative come queste abbiano a ripetersi e Potenza possa essere sempre pi\u00f9 conosciuta e apprezzata dai turisti\u201d.<\/span><\/span><\/p>\n","protected":false},"excerpt":{"rendered":"<p>L\u2019assessorato al Turismo attraverso lo sportello I.A.T., propone due pacchetti turistici agli ospiti che saranno nel capoluogo in occasione delle festivit\u00e0 patronali. Uno specifico per &#8230; <\/p>\n","protected":false},"author":1,"featured_media":0,"comment_status":"closed","ping_status":"closed","sticky":false,"template":"single-sidebar.php","format":"standard","meta":{"footnotes":""},"categories":[63],"tags":[],"class_list":["post-5261","post","type-post","status-publish","format-standard","hentry","category-news"],"_links":{"self":[{"href":"https:\/\/archivio.comune.potenza.it\/index.php?rest_route=\/wp\/v2\/posts\/5261"}],"collection":[{"href":"https:\/\/archivio.comune.potenza.it\/index.php?rest_route=\/wp\/v2\/posts"}],"about":[{"href":"https:\/\/archivio.comune.potenza.it\/index.php?rest_route=\/wp\/v2\/types\/post"}],"author":[{"embeddable":true,"href":"https:\/\/archivio.comune.potenza.it\/index.php?rest_route=\/wp\/v2\/users\/1"}],"replies":[{"embeddable":true,"href":"https:\/\/archivio.comune.potenza.it\/index.php?rest_route=%2Fwp%2Fv2%2Fcomments&post=5261"}],"version-history":[{"count":0,"href":"https:\/\/archivio.comune.potenza.it\/index.php?rest_route=\/wp\/v2\/posts\/5261\/revisions"}],"wp:attachment":[{"href":"https:\/\/archivio.comune.potenza.it\/index.php?rest_route=%2Fwp%2Fv2%2Fmedia&parent=5261"}],"wp:term":[{"taxonomy":"category","embeddable":true,"href":"https:\/\/archivio.comune.potenza.it\/index.php?rest_route=%2Fwp%2Fv2%2Fcategories&post=5261"},{"taxonomy":"post_tag","embeddable":true,"href":"https:\/\/archivio.comune.potenza.it\/index.php?rest_route=%2Fwp%2Fv2%2Ftags&post=5261"}],"curies":[{"name":"wp","href":"https:\/\/api.w.org\/{rel}","templated":true}]}}